{"id":1662,"date":"2026-01-06T12:05:55","date_gmt":"2026-01-06T18:05:55","guid":{"rendered":"https:\/\/lareaccioncr.com\/2026\/?p=1662"},"modified":"2026-01-06T12:05:57","modified_gmt":"2026-01-06T18:05:57","slug":"laura-fernandez-anuncia-que-participara-en-solo-cuatro-debates","status":"publish","type":"post","link":"https:\/\/lareaccioncr.com\/2026\/2026\/01\/06\/laura-fernandez-anuncia-que-participara-en-solo-cuatro-debates\/","title":{"rendered":"Laura Fern\u00e1ndez anuncia que participar\u00e1 en solo cuatro debates"},"content":{"rendered":"\n<p><strong>Mediante un comunicado de prensa enviado por su comando de campa\u00f1a este martes<\/strong><\/p>\n\n\n\n<p><\/p>\n\n\n\n<p>La candidata presidencial del Partido Pueblo Soberano (PPSO), Laura Fern\u00e1ndez Delgado anunci\u00f3 que solo participar\u00e1 en cuatro debates de los restantes antes de las elecciones nacionales fijadas para el domingo 1\u00b0 de febrero.<\/p>\n\n\n\n<p>Mediante un comunicado de prensa dado a conocer este martes por su comando de campa\u00f1a, Fern\u00e1ndez Delgado afirm\u00f3 que estar\u00e1 presente en los contradictorios organizados por el Tribunal Supremo de Elecciones, Trivisi\u00f3n Canal 36, Radio Columbia y el debate organizado por Repretel Monumental.<\/p>\n\n\n\n<p>De esta manera su primera aparici\u00f3n en este tipo de espacios ocurrir\u00e1 el pr\u00f3ximo domingo cuando le toque el espacio de presentaci\u00f3n de su candidatura (as\u00ed lo denomin\u00f3 el propio Tribunal Supremo de Elecciones) donde adem\u00e1s compartir\u00e1 el espacio con los aspirantes Ronny Castillo Gonz\u00e1lez del Partido Aqu\u00ed Costa Rica Manda, Eliecer Feinzaig Mintz del Liberal Progresista, Jos\u00e9 Aguilar Berrocal de Avanza y Claudio Alpizar Otoya de Esperanza Nacional.<\/p>\n\n\n\n<p>Posterior a eso vendr\u00e1n en las siguientes semanas los encuentros en los medios Trivisi\u00f3n, Columbia y el conjunto de Monumental Repretel a realizarse el pr\u00f3ximo 27 de enero. En este \u00faltimo espacio compartir\u00e1 escenario con \u00c1lvaro Ramos, aspirante de Liberaci\u00f3n Nacional; Claudia Dobles de Coalici\u00f3n Agenda Ciudadana; Ariel Robles del Frente Amplio; Juan Carlos Hidalgo de la Unidad Social Cristiana; Eliecer Feinzaig del Liberal Progresista, Natalia D\u00edaz de Unidos Podemos y Fabricio Alvarado de Nueva Rep\u00fablica.<\/p>\n\n\n\n<p>En su manifestaci\u00f3n para dar a conocer que estos ser\u00e1n los debates donde estar\u00e1 afirm\u00f3 que su estrategia ha sido m\u00e1s de priorizar al pueblo.<\/p>\n\n\n\n<p>\u201cNuestra prioridad ha sido y seguir\u00e1 siendo estar con la gente, escucharla, acompa\u00f1arla y caminar junto a ella en cada rinc\u00f3n del pa\u00eds. Frente a esto, alguno rivales desesperados por atenci\u00f3n y por n\u00fameros que no levantan han intentado convertir ciertos espacios de \u201cdebate\u201d en tribunas de ataque, mentira y espect\u00e1culo. No nos prestaremos a ese juego\u201d, reza la comunicaci\u00f3n de la campa\u00f1a de qui\u00e9n lidera seg\u00fan los estudios de opini\u00f3n la intenci\u00f3n de voto en este momento firmada por su jefe de campa\u00f1a, Francisco Gamboa.<\/p>\n\n\n\n<p>De forma reciente se dio a conocer que Fern\u00e1ndez Delgado declin\u00f3 su participaci\u00f3n en el espacio de debate que organizar\u00eda el medio Gente Opa de Canal 38; donde uno de sus principales accionistas es Carlos Valenciano Kamer; mismo que hasta hace unas horas atr\u00e1s formaba parte del comando de campa\u00f1a de Pueblo Soberano como encargado de las finanzas del partido.<\/p>\n","protected":false},"excerpt":{"rendered":"<p>Mediante un comunicado de prensa enviado por su comando de campa\u00f1a este martes La candidata presidencial del Partido Pueblo Soberano<\/p>\n","protected":false},"author":4,"featured_media":1663,"comment_status":"open","ping_status":"open","sticky":false,"template":"","format":"standard","meta":{"colormag_page_container_layout":"default_layout","colormag_page_sidebar_layout":"default_layout","_jetpack_memberships_contains_paid_content":false,"footnotes":""},"categories":[100,93,97,92],"tags":[396,292,291,435,327,466,314,467],"class_list":["post-1662","post","type-post","status-publish","format-standard","has-post-thumbnail","hentry","category-mando","category-destacados","category-politica","category-protagonistas","tag-columbia","tag-debates","tag-elecciones-2026","tag-laura-fernandez","tag-pueblo-soberano","tag-repretel","tag-tribunal-supremo-de-elecciones","tag-trivision"],"yoast_head":"<!-- This site is optimized with the Yoast SEO plugin v27.5 - https:\/\/yoast.com\/product\/yoast-seo-wordpress\/ -->\n<title>Laura Fern\u00e1ndez anuncia que participar\u00e1 en solo cuatro debates<\/title>\n<meta name=\"description\" content=\"Mediante un comunicado de prensa enviado por su comando de campa\u00f1a este martes firmada por su jefe de campa\u00f1a\" \/>\n<meta name=\"robots\" content=\"noindex, follow, max-snippet:-1, max-image-preview:large, max-video-preview:-1\" \/>\n<meta property=\"og:locale\" content=\"es_ES\" \/>\n<meta property=\"og:type\" content=\"article\" \/>\n<meta property=\"og:title\" content=\"Laura Fern\u00e1ndez anuncia que participar\u00e1 en solo cuatro debates\" \/>\n<meta property=\"og:description\" content=\"Mediante un comunicado de prensa enviado por su comando de campa\u00f1a este martes\" \/>\n<meta property=\"og:url\" content=\"https:\/\/lareaccioncr.com\/2026\/2026\/01\/06\/laura-fernandez-anuncia-que-participara-en-solo-cuatro-debates\/\" \/>\n<meta property=\"og:site_name\" content=\"La Reacci\u00f3n | Costa Rica\" \/>\n<meta property=\"article:published_time\" content=\"2026-01-06T18:05:55+00:00\" \/>\n<meta property=\"article:modified_time\" content=\"2026-01-06T18:05:57+00:00\" \/>\n<meta property=\"og:image\" content=\"https:\/\/lareaccioncr.com\/2026\/wp-content\/uploads\/2026\/01\/Laura-Fernandez-PPSO.jpeg\" \/>\n\t<meta property=\"og:image:width\" content=\"1280\" \/>\n\t<meta property=\"og:image:height\" content=\"720\" \/>\n\t<meta property=\"og:image:type\" content=\"image\/jpeg\" \/>\n<meta name=\"author\" content=\"Alfonso Jos\u00e9 Hern\u00e1ndez Castro\" \/>\n<meta name=\"twitter:card\" content=\"summary_large_image\" \/>\n<meta name=\"twitter:title\" content=\"Laura Fern\u00e1ndez anuncia que participar\u00e1 en solo cuatro debates\" \/>\n<meta name=\"twitter:description\" content=\"Mediante un comunicado de prensa enviado por su comando de campa\u00f1a este martes\" \/>\n<meta name=\"twitter:image\" content=\"https:\/\/lareaccioncr.com\/2026\/wp-content\/uploads\/2026\/01\/Laura-Fernandez-PPSO.jpeg\" \/>\n<meta name=\"twitter:label1\" content=\"Escrito por\" \/>\n\t<meta name=\"twitter:data1\" content=\"Alfonso Jos\u00e9 Hern\u00e1ndez Castro\" \/>\n\t<meta name=\"twitter:label2\" content=\"Tiempo de lectura\" \/>\n\t<meta name=\"twitter:data2\" content=\"3 minutos\" \/>\n<script type=\"application\/ld+json\" class=\"yoast-schema-graph\">{\"@context\":\"https:\\\/\\\/schema.org\",\"@graph\":[{\"@type\":\"Article\",\"@id\":\"https:\\\/\\\/lareaccioncr.com\\\/2026\\\/2026\\\/01\\\/06\\\/laura-fernandez-anuncia-que-participara-en-solo-cuatro-debates\\\/#article\",\"isPartOf\":{\"@id\":\"https:\\\/\\\/lareaccioncr.com\\\/2026\\\/2026\\\/01\\\/06\\\/laura-fernandez-anuncia-que-participara-en-solo-cuatro-debates\\\/\"},\"author\":{\"name\":\"Alfonso Jos\u00e9 Hern\u00e1ndez Castro\",\"@id\":\"https:\\\/\\\/lareaccioncr.com\\\/2026\\\/#\\\/schema\\\/person\\\/cbc393ee5be279664c8920588eec9b9b\"},\"headline\":\"Laura Fern\u00e1ndez anuncia que participar\u00e1 en solo cuatro debates\",\"datePublished\":\"2026-01-06T18:05:55+00:00\",\"dateModified\":\"2026-01-06T18:05:57+00:00\",\"mainEntityOfPage\":{\"@id\":\"https:\\\/\\\/lareaccioncr.com\\\/2026\\\/2026\\\/01\\\/06\\\/laura-fernandez-anuncia-que-participara-en-solo-cuatro-debates\\\/\"},\"wordCount\":449,\"commentCount\":0,\"publisher\":{\"@id\":\"https:\\\/\\\/lareaccioncr.com\\\/2026\\\/#organization\"},\"image\":{\"@id\":\"https:\\\/\\\/lareaccioncr.com\\\/2026\\\/2026\\\/01\\\/06\\\/laura-fernandez-anuncia-que-participara-en-solo-cuatro-debates\\\/#primaryimage\"},\"thumbnailUrl\":\"https:\\\/\\\/lareaccioncr.com\\\/2026\\\/wp-content\\\/uploads\\\/2026\\\/01\\\/Laura-Fernandez-PPSO.jpeg\",\"keywords\":[\"Columbia\",\"debates\",\"elecciones 2026\",\"Laura Fern\u00e1ndez\",\"Pueblo Soberano\",\"Repretel\",\"Tribunal Supremo de Elecciones\",\"Trivisi\u00f3n\"],\"articleSection\":[\"Cambio de Mando\",\"Destacados\",\"Pol\u00edtica\",\"Protagonistas\"],\"inLanguage\":\"es\",\"potentialAction\":[{\"@type\":\"CommentAction\",\"name\":\"Comment\",\"target\":[\"https:\\\/\\\/lareaccioncr.com\\\/2026\\\/2026\\\/01\\\/06\\\/laura-fernandez-anuncia-que-participara-en-solo-cuatro-debates\\\/#respond\"]}]},{\"@type\":\"WebPage\",\"@id\":\"https:\\\/\\\/lareaccioncr.com\\\/2026\\\/2026\\\/01\\\/06\\\/laura-fernandez-anuncia-que-participara-en-solo-cuatro-debates\\\/\",\"url\":\"https:\\\/\\\/lareaccioncr.com\\\/2026\\\/2026\\\/01\\\/06\\\/laura-fernandez-anuncia-que-participara-en-solo-cuatro-debates\\\/\",\"name\":\"Laura Fern\u00e1ndez anuncia que participar\u00e1 en solo cuatro debates\",\"isPartOf\":{\"@id\":\"https:\\\/\\\/lareaccioncr.com\\\/2026\\\/#website\"},\"primaryImageOfPage\":{\"@id\":\"https:\\\/\\\/lareaccioncr.com\\\/2026\\\/2026\\\/01\\\/06\\\/laura-fernandez-anuncia-que-participara-en-solo-cuatro-debates\\\/#primaryimage\"},\"image\":{\"@id\":\"https:\\\/\\\/lareaccioncr.com\\\/2026\\\/2026\\\/01\\\/06\\\/laura-fernandez-anuncia-que-participara-en-solo-cuatro-debates\\\/#primaryimage\"},\"thumbnailUrl\":\"https:\\\/\\\/lareaccioncr.com\\\/2026\\\/wp-content\\\/uploads\\\/2026\\\/01\\\/Laura-Fernandez-PPSO.jpeg\",\"datePublished\":\"2026-01-06T18:05:55+00:00\",\"dateModified\":\"2026-01-06T18:05:57+00:00\",\"description\":\"Mediante un comunicado de prensa enviado por su comando de campa\u00f1a este martes firmada por su jefe de campa\u00f1a\",\"breadcrumb\":{\"@id\":\"https:\\\/\\\/lareaccioncr.com\\\/2026\\\/2026\\\/01\\\/06\\\/laura-fernandez-anuncia-que-participara-en-solo-cuatro-debates\\\/#breadcrumb\"},\"inLanguage\":\"es\",\"potentialAction\":[{\"@type\":\"ReadAction\",\"target\":[\"https:\\\/\\\/lareaccioncr.com\\\/2026\\\/2026\\\/01\\\/06\\\/laura-fernandez-anuncia-que-participara-en-solo-cuatro-debates\\\/\"]}]},{\"@type\":\"ImageObject\",\"inLanguage\":\"es\",\"@id\":\"https:\\\/\\\/lareaccioncr.com\\\/2026\\\/2026\\\/01\\\/06\\\/laura-fernandez-anuncia-que-participara-en-solo-cuatro-debates\\\/#primaryimage\",\"url\":\"https:\\\/\\\/lareaccioncr.com\\\/2026\\\/wp-content\\\/uploads\\\/2026\\\/01\\\/Laura-Fernandez-PPSO.jpeg\",\"contentUrl\":\"https:\\\/\\\/lareaccioncr.com\\\/2026\\\/wp-content\\\/uploads\\\/2026\\\/01\\\/Laura-Fernandez-PPSO.jpeg\",\"width\":1280,\"height\":720},{\"@type\":\"BreadcrumbList\",\"@id\":\"https:\\\/\\\/lareaccioncr.com\\\/2026\\\/2026\\\/01\\\/06\\\/laura-fernandez-anuncia-que-participara-en-solo-cuatro-debates\\\/#breadcrumb\",\"itemListElement\":[{\"@type\":\"ListItem\",\"position\":1,\"name\":\"Portada\",\"item\":\"https:\\\/\\\/lareaccioncr.com\\\/2026\\\/\"},{\"@type\":\"ListItem\",\"position\":2,\"name\":\"Laura Fern\u00e1ndez anuncia que participar\u00e1 en solo cuatro debates\"}]},{\"@type\":\"WebSite\",\"@id\":\"https:\\\/\\\/lareaccioncr.com\\\/2026\\\/#website\",\"url\":\"https:\\\/\\\/lareaccioncr.com\\\/2026\\\/\",\"name\":\"La Reacci\u00f3n | Costa Rica\",\"description\":\"Medio digital costarricense\",\"publisher\":{\"@id\":\"https:\\\/\\\/lareaccioncr.com\\\/2026\\\/#organization\"},\"potentialAction\":[{\"@type\":\"SearchAction\",\"target\":{\"@type\":\"EntryPoint\",\"urlTemplate\":\"https:\\\/\\\/lareaccioncr.com\\\/2026\\\/?s={search_term_string}\"},\"query-input\":{\"@type\":\"PropertyValueSpecification\",\"valueRequired\":true,\"valueName\":\"search_term_string\"}}],\"inLanguage\":\"es\"},{\"@type\":\"Organization\",\"@id\":\"https:\\\/\\\/lareaccioncr.com\\\/2026\\\/#organization\",\"name\":\"La Reacci\u00f3n | Costa Rica\",\"url\":\"https:\\\/\\\/lareaccioncr.com\\\/2026\\\/\",\"logo\":{\"@type\":\"ImageObject\",\"inLanguage\":\"es\",\"@id\":\"https:\\\/\\\/lareaccioncr.com\\\/2026\\\/#\\\/schema\\\/logo\\\/image\\\/\",\"url\":\"https:\\\/\\\/lareaccioncr.com\\\/2026\\\/wp-content\\\/uploads\\\/2024\\\/08\\\/logo_screenshot.png\",\"contentUrl\":\"https:\\\/\\\/lareaccioncr.com\\\/2026\\\/wp-content\\\/uploads\\\/2024\\\/08\\\/logo_screenshot.png\",\"width\":514,\"height\":156,\"caption\":\"La Reacci\u00f3n | Costa Rica\"},\"image\":{\"@id\":\"https:\\\/\\\/lareaccioncr.com\\\/2026\\\/#\\\/schema\\\/logo\\\/image\\\/\"}},{\"@type\":\"Person\",\"@id\":\"https:\\\/\\\/lareaccioncr.com\\\/2026\\\/#\\\/schema\\\/person\\\/cbc393ee5be279664c8920588eec9b9b\",\"name\":\"Alfonso Jos\u00e9 Hern\u00e1ndez Castro\",\"image\":{\"@type\":\"ImageObject\",\"inLanguage\":\"es\",\"@id\":\"https:\\\/\\\/secure.gravatar.com\\\/avatar\\\/4f3a3521cd0b10e0c13e43f20522b954c13a8104f068bd2715f70290a3fe456a?s=96&d=mm&r=g\",\"url\":\"https:\\\/\\\/secure.gravatar.com\\\/avatar\\\/4f3a3521cd0b10e0c13e43f20522b954c13a8104f068bd2715f70290a3fe456a?s=96&d=mm&r=g\",\"contentUrl\":\"https:\\\/\\\/secure.gravatar.com\\\/avatar\\\/4f3a3521cd0b10e0c13e43f20522b954c13a8104f068bd2715f70290a3fe456a?s=96&d=mm&r=g\",\"caption\":\"Alfonso Jos\u00e9 Hern\u00e1ndez Castro\"},\"sameAs\":[\"https:\\\/\\\/lareaccioncr.com\\\/2026\"],\"url\":\"https:\\\/\\\/lareaccioncr.com\\\/2026\\\/author\\\/alfoherca\\\/\"}]}<\/script>\n<!-- \/ Yoast SEO plugin. -->","yoast_head_json":{"title":"Laura Fern\u00e1ndez anuncia que participar\u00e1 en solo cuatro debates","description":"Mediante un comunicado de prensa enviado por su comando de campa\u00f1a este martes firmada por su jefe de campa\u00f1a","robots":{"index":"noindex","follow":"follow","max-snippet":"max-snippet:-1","max-image-preview":"max-image-preview:large","max-video-preview":"max-video-preview:-1"},"og_locale":"es_ES","og_type":"article","og_title":"Laura Fern\u00e1ndez anuncia que participar\u00e1 en solo cuatro debates","og_description":"Mediante un comunicado de prensa enviado por su comando de campa\u00f1a este martes","og_url":"https:\/\/lareaccioncr.com\/2026\/2026\/01\/06\/laura-fernandez-anuncia-que-participara-en-solo-cuatro-debates\/","og_site_name":"La Reacci\u00f3n | Costa Rica","article_published_time":"2026-01-06T18:05:55+00:00","article_modified_time":"2026-01-06T18:05:57+00:00","og_image":[{"width":1280,"height":720,"url":"https:\/\/lareaccioncr.com\/2026\/wp-content\/uploads\/2026\/01\/Laura-Fernandez-PPSO.jpeg","type":"image\/jpeg"}],"author":"Alfonso Jos\u00e9 Hern\u00e1ndez Castro","twitter_card":"summary_large_image","twitter_title":"Laura Fern\u00e1ndez anuncia que participar\u00e1 en solo cuatro debates","twitter_description":"Mediante un comunicado de prensa enviado por su comando de campa\u00f1a este martes","twitter_image":"https:\/\/lareaccioncr.com\/2026\/wp-content\/uploads\/2026\/01\/Laura-Fernandez-PPSO.jpeg","twitter_misc":{"Escrito por":"Alfonso Jos\u00e9 Hern\u00e1ndez Castro","Tiempo de lectura":"3 minutos"},"schema":{"@context":"https:\/\/schema.org","@graph":[{"@type":"Article","@id":"https:\/\/lareaccioncr.com\/2026\/2026\/01\/06\/laura-fernandez-anuncia-que-participara-en-solo-cuatro-debates\/#article","isPartOf":{"@id":"https:\/\/lareaccioncr.com\/2026\/2026\/01\/06\/laura-fernandez-anuncia-que-participara-en-solo-cuatro-debates\/"},"author":{"name":"Alfonso Jos\u00e9 Hern\u00e1ndez Castro","@id":"https:\/\/lareaccioncr.com\/2026\/#\/schema\/person\/cbc393ee5be279664c8920588eec9b9b"},"headline":"Laura Fern\u00e1ndez anuncia que participar\u00e1 en solo cuatro debates","datePublished":"2026-01-06T18:05:55+00:00","dateModified":"2026-01-06T18:05:57+00:00","mainEntityOfPage":{"@id":"https:\/\/lareaccioncr.com\/2026\/2026\/01\/06\/laura-fernandez-anuncia-que-participara-en-solo-cuatro-debates\/"},"wordCount":449,"commentCount":0,"publisher":{"@id":"https:\/\/lareaccioncr.com\/2026\/#organization"},"image":{"@id":"https:\/\/lareaccioncr.com\/2026\/2026\/01\/06\/laura-fernandez-anuncia-que-participara-en-solo-cuatro-debates\/#primaryimage"},"thumbnailUrl":"https:\/\/lareaccioncr.com\/2026\/wp-content\/uploads\/2026\/01\/Laura-Fernandez-PPSO.jpeg","keywords":["Columbia","debates","elecciones 2026","Laura Fern\u00e1ndez","Pueblo Soberano","Repretel","Tribunal Supremo de Elecciones","Trivisi\u00f3n"],"articleSection":["Cambio de Mando","Destacados","Pol\u00edtica","Protagonistas"],"inLanguage":"es","potentialAction":[{"@type":"CommentAction","name":"Comment","target":["https:\/\/lareaccioncr.com\/2026\/2026\/01\/06\/laura-fernandez-anuncia-que-participara-en-solo-cuatro-debates\/#respond"]}]},{"@type":"WebPage","@id":"https:\/\/lareaccioncr.com\/2026\/2026\/01\/06\/laura-fernandez-anuncia-que-participara-en-solo-cuatro-debates\/","url":"https:\/\/lareaccioncr.com\/2026\/2026\/01\/06\/laura-fernandez-anuncia-que-participara-en-solo-cuatro-debates\/","name":"Laura Fern\u00e1ndez anuncia que participar\u00e1 en solo cuatro debates","isPartOf":{"@id":"https:\/\/lareaccioncr.com\/2026\/#website"},"primaryImageOfPage":{"@id":"https:\/\/lareaccioncr.com\/2026\/2026\/01\/06\/laura-fernandez-anuncia-que-participara-en-solo-cuatro-debates\/#primaryimage"},"image":{"@id":"https:\/\/lareaccioncr.com\/2026\/2026\/01\/06\/laura-fernandez-anuncia-que-participara-en-solo-cuatro-debates\/#primaryimage"},"thumbnailUrl":"https:\/\/lareaccioncr.com\/2026\/wp-content\/uploads\/2026\/01\/Laura-Fernandez-PPSO.jpeg","datePublished":"2026-01-06T18:05:55+00:00","dateModified":"2026-01-06T18:05:57+00:00","description":"Mediante un comunicado de prensa enviado por su comando de campa\u00f1a este martes firmada por su jefe de campa\u00f1a","breadcrumb":{"@id":"https:\/\/lareaccioncr.com\/2026\/2026\/01\/06\/laura-fernandez-anuncia-que-participara-en-solo-cuatro-debates\/#breadcrumb"},"inLanguage":"es","potentialAction":[{"@type":"ReadAction","target":["https:\/\/lareaccioncr.com\/2026\/2026\/01\/06\/laura-fernandez-anuncia-que-participara-en-solo-cuatro-debates\/"]}]},{"@type":"ImageObject","inLanguage":"es","@id":"https:\/\/lareaccioncr.com\/2026\/2026\/01\/06\/laura-fernandez-anuncia-que-participara-en-solo-cuatro-debates\/#primaryimage","url":"https:\/\/lareaccioncr.com\/2026\/wp-content\/uploads\/2026\/01\/Laura-Fernandez-PPSO.jpeg","contentUrl":"https:\/\/lareaccioncr.com\/2026\/wp-content\/uploads\/2026\/01\/Laura-Fernandez-PPSO.jpeg","width":1280,"height":720},{"@type":"BreadcrumbList","@id":"https:\/\/lareaccioncr.com\/2026\/2026\/01\/06\/laura-fernandez-anuncia-que-participara-en-solo-cuatro-debates\/#breadcrumb","itemListElement":[{"@type":"ListItem","position":1,"name":"Portada","item":"https:\/\/lareaccioncr.com\/2026\/"},{"@type":"ListItem","position":2,"name":"Laura Fern\u00e1ndez anuncia que participar\u00e1 en solo cuatro debates"}]},{"@type":"WebSite","@id":"https:\/\/lareaccioncr.com\/2026\/#website","url":"https:\/\/lareaccioncr.com\/2026\/","name":"La Reacci\u00f3n | Costa Rica","description":"Medio digital costarricense","publisher":{"@id":"https:\/\/lareaccioncr.com\/2026\/#organization"},"potentialAction":[{"@type":"SearchAction","target":{"@type":"EntryPoint","urlTemplate":"https:\/\/lareaccioncr.com\/2026\/?s={search_term_string}"},"query-input":{"@type":"PropertyValueSpecification","valueRequired":true,"valueName":"search_term_string"}}],"inLanguage":"es"},{"@type":"Organization","@id":"https:\/\/lareaccioncr.com\/2026\/#organization","name":"La Reacci\u00f3n | Costa Rica","url":"https:\/\/lareaccioncr.com\/2026\/","logo":{"@type":"ImageObject","inLanguage":"es","@id":"https:\/\/lareaccioncr.com\/2026\/#\/schema\/logo\/image\/","url":"https:\/\/lareaccioncr.com\/2026\/wp-content\/uploads\/2024\/08\/logo_screenshot.png","contentUrl":"https:\/\/lareaccioncr.com\/2026\/wp-content\/uploads\/2024\/08\/logo_screenshot.png","width":514,"height":156,"caption":"La Reacci\u00f3n | Costa Rica"},"image":{"@id":"https:\/\/lareaccioncr.com\/2026\/#\/schema\/logo\/image\/"}},{"@type":"Person","@id":"https:\/\/lareaccioncr.com\/2026\/#\/schema\/person\/cbc393ee5be279664c8920588eec9b9b","name":"Alfonso Jos\u00e9 Hern\u00e1ndez Castro","image":{"@type":"ImageObject","inLanguage":"es","@id":"https:\/\/secure.gravatar.com\/avatar\/4f3a3521cd0b10e0c13e43f20522b954c13a8104f068bd2715f70290a3fe456a?s=96&d=mm&r=g","url":"https:\/\/secure.gravatar.com\/avatar\/4f3a3521cd0b10e0c13e43f20522b954c13a8104f068bd2715f70290a3fe456a?s=96&d=mm&r=g","contentUrl":"https:\/\/secure.gravatar.com\/avatar\/4f3a3521cd0b10e0c13e43f20522b954c13a8104f068bd2715f70290a3fe456a?s=96&d=mm&r=g","caption":"Alfonso Jos\u00e9 Hern\u00e1ndez Castro"},"sameAs":["https:\/\/lareaccioncr.com\/2026"],"url":"https:\/\/lareaccioncr.com\/2026\/author\/alfoherca\/"}]}},"jetpack_featured_media_url":"https:\/\/lareaccioncr.com\/2026\/wp-content\/uploads\/2026\/01\/Laura-Fernandez-PPSO.jpeg","jetpack_sharing_enabled":true,"_links":{"self":[{"href":"https:\/\/lareaccioncr.com\/2026\/wp-json\/wp\/v2\/posts\/1662","targetHints":{"allow":["GET"]}}],"collection":[{"href":"https:\/\/lareaccioncr.com\/2026\/wp-json\/wp\/v2\/posts"}],"about":[{"href":"https:\/\/lareaccioncr.com\/2026\/wp-json\/wp\/v2\/types\/post"}],"author":[{"embeddable":true,"href":"https:\/\/lareaccioncr.com\/2026\/wp-json\/wp\/v2\/users\/4"}],"replies":[{"embeddable":true,"href":"https:\/\/lareaccioncr.com\/2026\/wp-json\/wp\/v2\/comments?post=1662"}],"version-history":[{"count":1,"href":"https:\/\/lareaccioncr.com\/2026\/wp-json\/wp\/v2\/posts\/1662\/revisions"}],"predecessor-version":[{"id":1664,"href":"https:\/\/lareaccioncr.com\/2026\/wp-json\/wp\/v2\/posts\/1662\/revisions\/1664"}],"wp:featuredmedia":[{"embeddable":true,"href":"https:\/\/lareaccioncr.com\/2026\/wp-json\/wp\/v2\/media\/1663"}],"wp:attachment":[{"href":"https:\/\/lareaccioncr.com\/2026\/wp-json\/wp\/v2\/media?parent=1662"}],"wp:term":[{"taxonomy":"category","embeddable":true,"href":"https:\/\/lareaccioncr.com\/2026\/wp-json\/wp\/v2\/categories?post=1662"},{"taxonomy":"post_tag","embeddable":true,"href":"https:\/\/lareaccioncr.com\/2026\/wp-json\/wp\/v2\/tags?post=1662"}],"curies":[{"name":"wp","href":"https:\/\/api.w.org\/{rel}","templated":true}]}}