{"id":1665,"date":"2026-01-07T10:33:18","date_gmt":"2026-01-07T16:33:18","guid":{"rendered":"https:\/\/lareaccioncr.com\/2026\/?p=1665"},"modified":"2026-01-07T19:03:38","modified_gmt":"2026-01-08T01:03:38","slug":"ana-virginia-calzada-si-hay-un-tico-con-corona-ese-es-rodrigo-chaves","status":"publish","type":"post","link":"https:\/\/lareaccioncr.com\/2026\/2026\/01\/07\/ana-virginia-calzada-si-hay-un-tico-con-corona-ese-es-rodrigo-chaves\/","title":{"rendered":"Ana Virginia Calzada: \u00abSi hay un tico con corona ese es Rodrigo Chaves\u00bb"},"content":{"rendered":"\r\n<p><strong>Ex magistrada y ex presidente de la Sala Constitucional defiende que no la pueden llamar pensionada de lujo si cotiz\u00f3 por espacio de 26 a\u00f1os para su dinero de retiro.<\/strong><\/p>\r\n\r\n\r\n\r\n\r\n\r\n<p>Para la candidata presidencial del<em> Partido Centro Democr\u00e1tico y Social<\/em>, <strong>Ana Virginia Calzada<\/strong>; si hay un tico con corona ese es <strong>Rodrigo Chaves<\/strong>. Sus declaraciones fueron parte de la entrevista que la aspirante sostuvo con La Reacci\u00f3n en el espacio Inteligencia Electoral.<\/p>\r\n\r\n\r\n\r\n<p>El actual mandatario utiliz\u00f3 en no pocas ocasiones dicha calificaci\u00f3n para referirse a ciudadanos y personas en el \u00e1mbito pol\u00edtico que como en el caso de Calzada recibe un monto de pensi\u00f3n, cuyo monto es superior a los otorgados por el <em>R\u00e9gimen de Invalidez, Vejez y Muerte (IVM)<\/em> de la <strong>Caja Costarricense de Seguro Social.<\/strong><\/p>\r\n\r\n\r\n\r\n<p><em>\u201cYo cotic\u00e9 por mi pensi\u00f3n proporcialmente durante esos veintis\u00e9is a\u00f1os m\u00e1s los diez que llevo de estar pensionada. Tico con corona es \u00e9l, si se le puede decir tico porque tiene muchos a\u00f1os de no vivir en este pa\u00eds. Pero tico con corona es \u00e9l que con cuatro a\u00f1os de cotizar va a tener una pensi\u00f3n de cinco o m\u00e1s de cinco millones de colones con solo haber cotizado cuatro a\u00f1os. Va a recibir una pensi\u00f3n de cinco millones y pico que es mucho mayor que la que yo recibo si sumo los veintis\u00e9is de ejercicio profesional m\u00e1s diez aproximadamente que llevo de pensionada; 36 a\u00f1os de estar cotizando a un sistema. As\u00ed que si hablamos de ticos con corona que piensen que el primero se llama Rodrigo Chaves\u201d<\/em>, manifest\u00f3.<\/p>\r\n\r\n\r\n\r\n<p>La aspirante, quien durante su vida laboral ocup\u00f3 cargos p\u00fablicos como magistrada de la Sala Constitucional ye adem\u00e1s presidente de esa c\u00e1mara constituyente del Poder Judicial gener\u00f3 crispaciones en el \u00e1mbito pol\u00edtico nacional con un spot, creaci\u00f3n del productor <strong>Geovanni Bulgarelli<\/strong>; donde entre otros se afirma que Costa Rica vive en un infierno, y compara el voto hacia el oficialismo como <em>venderle el alma al diablo.<\/em><\/p>\r\n\r\n\r\n\r\n<p>Al respecto, la l\u00edder del oficialismo en la Asamblea Legislativa, <strong>Pilar Cisneros<\/strong> respondi\u00f3 que cuando Calzada salga del margen de error le responder\u00eda por los se\u00f1alamientos en el videoclip.<\/p>\r\n\r\n\r\n\r\n<p>En cuanto a los se\u00f1alamientos que le hacen por el monto de su pensi\u00f3n la aspirante afirm\u00f3 que llamarle as\u00ed es parte de los ataques populistas.<\/p>\r\n\r\n\r\n\r\n<p><em>\u201cMe pasaron porque yo lo ped\u00ed, el monto que cotizo anualmente y son 47 millones de colones, eso es lo que yo aporto al Estado, cosa que no hacen algunas empresas ni algunas personas que evaden su obligaci\u00f3n fiscal en este pa\u00eds. Entonces creo que el t\u00e9rmino utilizado ellos de pensi\u00f3n de lujo, adem\u00e1s de que es inexistente es un t\u00e9rmino populista que es l\u00f3gico lo utilizan para desacreditarme porque no pueden achacarme ninguna otra cosa\u201d<\/em>, enfatiz\u00f3.<\/p>\r\n\r\n\r\n\r\n<p><strong>La Reacci\u00f3n <\/strong>procurar\u00e1 durante el mes de enero contar con la participaci\u00f3n de los veinte aspirantes a la presidencia de la Rep\u00fablica en espacios de <em><strong>Inteligencia Electoral<\/strong> <\/em>como el que mantuvimos con <strong>Ana Virginia Calzada<\/strong>, mismo que puede repasar a continuaci\u00f3n.\u00a0<\/p>\r\n<p><iframe loading=\"lazy\" title=\"Inteligencia Electoral con Ana Virginia Calzada\" width=\"1060\" height=\"596\" src=\"https:\/\/www.youtube.com\/embed\/4jl9CnJlvQY?start=208&#038;feature=oembed\" frameborder=\"0\" allow=\"accelerometer; autoplay; clipboard-write; encrypted-media; gyroscope; picture-in-picture; web-share\" referrerpolicy=\"strict-origin-when-cross-origin\" allowfullscreen><\/iframe><\/p>\r\n","protected":false},"excerpt":{"rendered":"<p>Ex magistrada y ex presidente de la Sala Constitucional defiende que no la pueden llamar pensionada de lujo si cotiz\u00f3 por espacio de 26 a\u00f1os para su dinero de retiro. Para la candidata presidencial del Partido Centro Democr\u00e1tico y Social, Ana Virginia Calzada; si hay [&hellip;]<\/p>\n","protected":false},"author":4,"featured_media":1666,"comment_status":"open","ping_status":"open","sticky":false,"template":"","format":"standard","meta":{"_jetpack_memberships_contains_paid_content":false,"footnotes":""},"categories":[100,93,97],"tags":[468,469,291,472,435,470,471,264,409],"class_list":["post-1665","post","type-post","status-publish","format-standard","has-post-thumbnail","hentry","category-mando","category-destacados","category-politica","tag-ana-virginia-calzada","tag-cds","tag-elecciones-2026","tag-infierno","tag-laura-fernandez","tag-pensiones-de-lujo","tag-pilar-cisneros","tag-rodrigo-chaves","tag-sala-constitucional"],"yoast_head":"<!-- This site is optimized with the Yoast SEO plugin v27.5 - https:\/\/yoast.com\/product\/yoast-seo-wordpress\/ -->\n<title>Si hay un tico con corona ese es Rodrigo Chaves afirma Ana Virginia Calzada<\/title>\n<meta name=\"description\" content=\"Ex magistrada y ex presidente de la Sala Constitucional defiende que no la pueden llamar pensionada de lujo si cotiz\u00f3 por espacio de 26 a\u00f1os para su dinero de retiro\" \/>\n<meta name=\"robots\" content=\"noindex, follow, max-snippet:-1, max-image-preview:large, max-video-preview:-1\" \/>\n<meta property=\"og:locale\" content=\"es_ES\" \/>\n<meta property=\"og:type\" content=\"article\" \/>\n<meta property=\"og:title\" content=\"Si hay un tico con corona ese es Rodrigo Chaves afirma Ana Virginia Calzada\" \/>\n<meta property=\"og:description\" content=\"Ex magistrada y ex presidente de la Sala Constitucional defiende que no la pueden llamar pensionada de lujo si cotiz\u00f3 por espacio de 26 a\u00f1os para su dinero de retiro\" \/>\n<meta property=\"og:url\" content=\"https:\/\/lareaccioncr.com\/2026\/2026\/01\/07\/ana-virginia-calzada-si-hay-un-tico-con-corona-ese-es-rodrigo-chaves\/\" \/>\n<meta property=\"og:site_name\" content=\"La Reacci\u00f3n | Costa Rica\" \/>\n<meta property=\"article:published_time\" content=\"2026-01-07T16:33:18+00:00\" \/>\n<meta property=\"article:modified_time\" content=\"2026-01-08T01:03:38+00:00\" \/>\n<meta property=\"og:image\" content=\"https:\/\/lareaccioncr.com\/2026\/wp-content\/uploads\/2026\/01\/Rodrigo-Chaves-Monica-Taylor.jpeg\" \/>\n\t<meta property=\"og:image:width\" content=\"1600\" \/>\n\t<meta property=\"og:image:height\" content=\"900\" \/>\n\t<meta property=\"og:image:type\" content=\"image\/jpeg\" \/>\n<meta name=\"author\" content=\"Alfonso Jos\u00e9 Hern\u00e1ndez Castro\" \/>\n<meta name=\"twitter:card\" content=\"summary_large_image\" \/>\n<meta name=\"twitter:title\" content=\"Si hay un tico con corona ese es Rodrigo Chaves afirma Ana Virginia Calzada\" \/>\n<meta name=\"twitter:description\" content=\"Ex magistrada y ex presidente de la Sala Constitucional defiende que no la pueden llamar pensionada de lujo si cotiz\u00f3 por espacio de 26 a\u00f1os para su dinero de retiro\" \/>\n<meta name=\"twitter:image\" content=\"https:\/\/lareaccioncr.com\/2026\/wp-content\/uploads\/2026\/01\/Rodrigo-Chaves-Monica-Taylor.jpeg\" \/>\n<meta name=\"twitter:label1\" content=\"Escrito por\" \/>\n\t<meta name=\"twitter:data1\" content=\"Alfonso Jos\u00e9 Hern\u00e1ndez Castro\" \/>\n\t<meta name=\"twitter:label2\" content=\"Tiempo de lectura\" \/>\n\t<meta name=\"twitter:data2\" content=\"3 minutos\" \/>\n<script type=\"application\/ld+json\" class=\"yoast-schema-graph\">{\"@context\":\"https:\\\/\\\/schema.org\",\"@graph\":[{\"@type\":\"Article\",\"@id\":\"https:\\\/\\\/lareaccioncr.com\\\/2026\\\/2026\\\/01\\\/07\\\/ana-virginia-calzada-si-hay-un-tico-con-corona-ese-es-rodrigo-chaves\\\/#article\",\"isPartOf\":{\"@id\":\"https:\\\/\\\/lareaccioncr.com\\\/2026\\\/2026\\\/01\\\/07\\\/ana-virginia-calzada-si-hay-un-tico-con-corona-ese-es-rodrigo-chaves\\\/\"},\"author\":{\"name\":\"Alfonso Jos\u00e9 Hern\u00e1ndez Castro\",\"@id\":\"https:\\\/\\\/lareaccioncr.com\\\/2026\\\/#\\\/schema\\\/person\\\/cbc393ee5be279664c8920588eec9b9b\"},\"headline\":\"Ana Virginia Calzada: \u00abSi hay un tico con corona ese es Rodrigo Chaves\u00bb\",\"datePublished\":\"2026-01-07T16:33:18+00:00\",\"dateModified\":\"2026-01-08T01:03:38+00:00\",\"mainEntityOfPage\":{\"@id\":\"https:\\\/\\\/lareaccioncr.com\\\/2026\\\/2026\\\/01\\\/07\\\/ana-virginia-calzada-si-hay-un-tico-con-corona-ese-es-rodrigo-chaves\\\/\"},\"wordCount\":559,\"commentCount\":0,\"publisher\":{\"@id\":\"https:\\\/\\\/lareaccioncr.com\\\/2026\\\/#organization\"},\"image\":{\"@id\":\"https:\\\/\\\/lareaccioncr.com\\\/2026\\\/2026\\\/01\\\/07\\\/ana-virginia-calzada-si-hay-un-tico-con-corona-ese-es-rodrigo-chaves\\\/#primaryimage\"},\"thumbnailUrl\":\"https:\\\/\\\/lareaccioncr.com\\\/2026\\\/wp-content\\\/uploads\\\/2026\\\/01\\\/Rodrigo-Chaves-Monica-Taylor.jpeg\",\"keywords\":[\"Ana Virginia Calzada\",\"CDS\",\"elecciones 2026\",\"infierno\",\"Laura Fern\u00e1ndez\",\"pensiones de lujo\",\"Pilar Cisneros\",\"Rodrigo Chaves\",\"Sala Constitucional\"],\"articleSection\":[\"Cambio de Mando\",\"Destacados\",\"Pol\u00edtica\"],\"inLanguage\":\"es\",\"potentialAction\":[{\"@type\":\"CommentAction\",\"name\":\"Comment\",\"target\":[\"https:\\\/\\\/lareaccioncr.com\\\/2026\\\/2026\\\/01\\\/07\\\/ana-virginia-calzada-si-hay-un-tico-con-corona-ese-es-rodrigo-chaves\\\/#respond\"]}]},{\"@type\":\"WebPage\",\"@id\":\"https:\\\/\\\/lareaccioncr.com\\\/2026\\\/2026\\\/01\\\/07\\\/ana-virginia-calzada-si-hay-un-tico-con-corona-ese-es-rodrigo-chaves\\\/\",\"url\":\"https:\\\/\\\/lareaccioncr.com\\\/2026\\\/2026\\\/01\\\/07\\\/ana-virginia-calzada-si-hay-un-tico-con-corona-ese-es-rodrigo-chaves\\\/\",\"name\":\"Si hay un tico con corona ese es Rodrigo Chaves afirma Ana Virginia Calzada\",\"isPartOf\":{\"@id\":\"https:\\\/\\\/lareaccioncr.com\\\/2026\\\/#website\"},\"primaryImageOfPage\":{\"@id\":\"https:\\\/\\\/lareaccioncr.com\\\/2026\\\/2026\\\/01\\\/07\\\/ana-virginia-calzada-si-hay-un-tico-con-corona-ese-es-rodrigo-chaves\\\/#primaryimage\"},\"image\":{\"@id\":\"https:\\\/\\\/lareaccioncr.com\\\/2026\\\/2026\\\/01\\\/07\\\/ana-virginia-calzada-si-hay-un-tico-con-corona-ese-es-rodrigo-chaves\\\/#primaryimage\"},\"thumbnailUrl\":\"https:\\\/\\\/lareaccioncr.com\\\/2026\\\/wp-content\\\/uploads\\\/2026\\\/01\\\/Rodrigo-Chaves-Monica-Taylor.jpeg\",\"datePublished\":\"2026-01-07T16:33:18+00:00\",\"dateModified\":\"2026-01-08T01:03:38+00:00\",\"description\":\"Ex magistrada y ex presidente de la Sala Constitucional defiende que no la pueden llamar pensionada de lujo si cotiz\u00f3 por espacio de 26 a\u00f1os para su dinero de retiro\",\"breadcrumb\":{\"@id\":\"https:\\\/\\\/lareaccioncr.com\\\/2026\\\/2026\\\/01\\\/07\\\/ana-virginia-calzada-si-hay-un-tico-con-corona-ese-es-rodrigo-chaves\\\/#breadcrumb\"},\"inLanguage\":\"es\",\"potentialAction\":[{\"@type\":\"ReadAction\",\"target\":[\"https:\\\/\\\/lareaccioncr.com\\\/2026\\\/2026\\\/01\\\/07\\\/ana-virginia-calzada-si-hay-un-tico-con-corona-ese-es-rodrigo-chaves\\\/\"]}]},{\"@type\":\"ImageObject\",\"inLanguage\":\"es\",\"@id\":\"https:\\\/\\\/lareaccioncr.com\\\/2026\\\/2026\\\/01\\\/07\\\/ana-virginia-calzada-si-hay-un-tico-con-corona-ese-es-rodrigo-chaves\\\/#primaryimage\",\"url\":\"https:\\\/\\\/lareaccioncr.com\\\/2026\\\/wp-content\\\/uploads\\\/2026\\\/01\\\/Rodrigo-Chaves-Monica-Taylor.jpeg\",\"contentUrl\":\"https:\\\/\\\/lareaccioncr.com\\\/2026\\\/wp-content\\\/uploads\\\/2026\\\/01\\\/Rodrigo-Chaves-Monica-Taylor.jpeg\",\"width\":1600,\"height\":900},{\"@type\":\"BreadcrumbList\",\"@id\":\"https:\\\/\\\/lareaccioncr.com\\\/2026\\\/2026\\\/01\\\/07\\\/ana-virginia-calzada-si-hay-un-tico-con-corona-ese-es-rodrigo-chaves\\\/#breadcrumb\",\"itemListElement\":[{\"@type\":\"ListItem\",\"position\":1,\"name\":\"Portada\",\"item\":\"https:\\\/\\\/lareaccioncr.com\\\/2026\\\/\"},{\"@type\":\"ListItem\",\"position\":2,\"name\":\"Ana Virginia Calzada: \u00abSi hay un tico con corona ese es Rodrigo Chaves\u00bb\"}]},{\"@type\":\"WebSite\",\"@id\":\"https:\\\/\\\/lareaccioncr.com\\\/2026\\\/#website\",\"url\":\"https:\\\/\\\/lareaccioncr.com\\\/2026\\\/\",\"name\":\"La Reacci\u00f3n | Costa Rica\",\"description\":\"Medio digital costarricense\",\"publisher\":{\"@id\":\"https:\\\/\\\/lareaccioncr.com\\\/2026\\\/#organization\"},\"potentialAction\":[{\"@type\":\"SearchAction\",\"target\":{\"@type\":\"EntryPoint\",\"urlTemplate\":\"https:\\\/\\\/lareaccioncr.com\\\/2026\\\/?s={search_term_string}\"},\"query-input\":{\"@type\":\"PropertyValueSpecification\",\"valueRequired\":true,\"valueName\":\"search_term_string\"}}],\"inLanguage\":\"es\"},{\"@type\":\"Organization\",\"@id\":\"https:\\\/\\\/lareaccioncr.com\\\/2026\\\/#organization\",\"name\":\"La Reacci\u00f3n | Costa Rica\",\"url\":\"https:\\\/\\\/lareaccioncr.com\\\/2026\\\/\",\"logo\":{\"@type\":\"ImageObject\",\"inLanguage\":\"es\",\"@id\":\"https:\\\/\\\/lareaccioncr.com\\\/2026\\\/#\\\/schema\\\/logo\\\/image\\\/\",\"url\":\"https:\\\/\\\/lareaccioncr.com\\\/2026\\\/wp-content\\\/uploads\\\/2024\\\/08\\\/logo_screenshot.png\",\"contentUrl\":\"https:\\\/\\\/lareaccioncr.com\\\/2026\\\/wp-content\\\/uploads\\\/2024\\\/08\\\/logo_screenshot.png\",\"width\":514,\"height\":156,\"caption\":\"La Reacci\u00f3n | Costa Rica\"},\"image\":{\"@id\":\"https:\\\/\\\/lareaccioncr.com\\\/2026\\\/#\\\/schema\\\/logo\\\/image\\\/\"}},{\"@type\":\"Person\",\"@id\":\"https:\\\/\\\/lareaccioncr.com\\\/2026\\\/#\\\/schema\\\/person\\\/cbc393ee5be279664c8920588eec9b9b\",\"name\":\"Alfonso Jos\u00e9 Hern\u00e1ndez Castro\",\"image\":{\"@type\":\"ImageObject\",\"inLanguage\":\"es\",\"@id\":\"https:\\\/\\\/secure.gravatar.com\\\/avatar\\\/4f3a3521cd0b10e0c13e43f20522b954c13a8104f068bd2715f70290a3fe456a?s=96&d=mm&r=g\",\"url\":\"https:\\\/\\\/secure.gravatar.com\\\/avatar\\\/4f3a3521cd0b10e0c13e43f20522b954c13a8104f068bd2715f70290a3fe456a?s=96&d=mm&r=g\",\"contentUrl\":\"https:\\\/\\\/secure.gravatar.com\\\/avatar\\\/4f3a3521cd0b10e0c13e43f20522b954c13a8104f068bd2715f70290a3fe456a?s=96&d=mm&r=g\",\"caption\":\"Alfonso Jos\u00e9 Hern\u00e1ndez Castro\"},\"sameAs\":[\"https:\\\/\\\/lareaccioncr.com\\\/2026\"],\"url\":\"https:\\\/\\\/lareaccioncr.com\\\/2026\\\/author\\\/alfoherca\\\/\"}]}<\/script>\n<!-- \/ Yoast SEO plugin. -->","yoast_head_json":{"title":"Si hay un tico con corona ese es Rodrigo Chaves afirma Ana Virginia Calzada","description":"Ex magistrada y ex presidente de la Sala Constitucional defiende que no la pueden llamar pensionada de lujo si cotiz\u00f3 por espacio de 26 a\u00f1os para su dinero de retiro","robots":{"index":"noindex","follow":"follow","max-snippet":"max-snippet:-1","max-image-preview":"max-image-preview:large","max-video-preview":"max-video-preview:-1"},"og_locale":"es_ES","og_type":"article","og_title":"Si hay un tico con corona ese es Rodrigo Chaves afirma Ana Virginia Calzada","og_description":"Ex magistrada y ex presidente de la Sala Constitucional defiende que no la pueden llamar pensionada de lujo si cotiz\u00f3 por espacio de 26 a\u00f1os para su dinero de retiro","og_url":"https:\/\/lareaccioncr.com\/2026\/2026\/01\/07\/ana-virginia-calzada-si-hay-un-tico-con-corona-ese-es-rodrigo-chaves\/","og_site_name":"La Reacci\u00f3n | Costa Rica","article_published_time":"2026-01-07T16:33:18+00:00","article_modified_time":"2026-01-08T01:03:38+00:00","og_image":[{"width":1600,"height":900,"url":"https:\/\/lareaccioncr.com\/2026\/wp-content\/uploads\/2026\/01\/Rodrigo-Chaves-Monica-Taylor.jpeg","type":"image\/jpeg"}],"author":"Alfonso Jos\u00e9 Hern\u00e1ndez Castro","twitter_card":"summary_large_image","twitter_title":"Si hay un tico con corona ese es Rodrigo Chaves afirma Ana Virginia Calzada","twitter_description":"Ex magistrada y ex presidente de la Sala Constitucional defiende que no la pueden llamar pensionada de lujo si cotiz\u00f3 por espacio de 26 a\u00f1os para su dinero de retiro","twitter_image":"https:\/\/lareaccioncr.com\/2026\/wp-content\/uploads\/2026\/01\/Rodrigo-Chaves-Monica-Taylor.jpeg","twitter_misc":{"Escrito por":"Alfonso Jos\u00e9 Hern\u00e1ndez Castro","Tiempo de lectura":"3 minutos"},"schema":{"@context":"https:\/\/schema.org","@graph":[{"@type":"Article","@id":"https:\/\/lareaccioncr.com\/2026\/2026\/01\/07\/ana-virginia-calzada-si-hay-un-tico-con-corona-ese-es-rodrigo-chaves\/#article","isPartOf":{"@id":"https:\/\/lareaccioncr.com\/2026\/2026\/01\/07\/ana-virginia-calzada-si-hay-un-tico-con-corona-ese-es-rodrigo-chaves\/"},"author":{"name":"Alfonso Jos\u00e9 Hern\u00e1ndez Castro","@id":"https:\/\/lareaccioncr.com\/2026\/#\/schema\/person\/cbc393ee5be279664c8920588eec9b9b"},"headline":"Ana Virginia Calzada: \u00abSi hay un tico con corona ese es Rodrigo Chaves\u00bb","datePublished":"2026-01-07T16:33:18+00:00","dateModified":"2026-01-08T01:03:38+00:00","mainEntityOfPage":{"@id":"https:\/\/lareaccioncr.com\/2026\/2026\/01\/07\/ana-virginia-calzada-si-hay-un-tico-con-corona-ese-es-rodrigo-chaves\/"},"wordCount":559,"commentCount":0,"publisher":{"@id":"https:\/\/lareaccioncr.com\/2026\/#organization"},"image":{"@id":"https:\/\/lareaccioncr.com\/2026\/2026\/01\/07\/ana-virginia-calzada-si-hay-un-tico-con-corona-ese-es-rodrigo-chaves\/#primaryimage"},"thumbnailUrl":"https:\/\/lareaccioncr.com\/2026\/wp-content\/uploads\/2026\/01\/Rodrigo-Chaves-Monica-Taylor.jpeg","keywords":["Ana Virginia Calzada","CDS","elecciones 2026","infierno","Laura Fern\u00e1ndez","pensiones de lujo","Pilar Cisneros","Rodrigo Chaves","Sala Constitucional"],"articleSection":["Cambio de Mando","Destacados","Pol\u00edtica"],"inLanguage":"es","potentialAction":[{"@type":"CommentAction","name":"Comment","target":["https:\/\/lareaccioncr.com\/2026\/2026\/01\/07\/ana-virginia-calzada-si-hay-un-tico-con-corona-ese-es-rodrigo-chaves\/#respond"]}]},{"@type":"WebPage","@id":"https:\/\/lareaccioncr.com\/2026\/2026\/01\/07\/ana-virginia-calzada-si-hay-un-tico-con-corona-ese-es-rodrigo-chaves\/","url":"https:\/\/lareaccioncr.com\/2026\/2026\/01\/07\/ana-virginia-calzada-si-hay-un-tico-con-corona-ese-es-rodrigo-chaves\/","name":"Si hay un tico con corona ese es Rodrigo Chaves afirma Ana Virginia Calzada","isPartOf":{"@id":"https:\/\/lareaccioncr.com\/2026\/#website"},"primaryImageOfPage":{"@id":"https:\/\/lareaccioncr.com\/2026\/2026\/01\/07\/ana-virginia-calzada-si-hay-un-tico-con-corona-ese-es-rodrigo-chaves\/#primaryimage"},"image":{"@id":"https:\/\/lareaccioncr.com\/2026\/2026\/01\/07\/ana-virginia-calzada-si-hay-un-tico-con-corona-ese-es-rodrigo-chaves\/#primaryimage"},"thumbnailUrl":"https:\/\/lareaccioncr.com\/2026\/wp-content\/uploads\/2026\/01\/Rodrigo-Chaves-Monica-Taylor.jpeg","datePublished":"2026-01-07T16:33:18+00:00","dateModified":"2026-01-08T01:03:38+00:00","description":"Ex magistrada y ex presidente de la Sala Constitucional defiende que no la pueden llamar pensionada de lujo si cotiz\u00f3 por espacio de 26 a\u00f1os para su dinero de retiro","breadcrumb":{"@id":"https:\/\/lareaccioncr.com\/2026\/2026\/01\/07\/ana-virginia-calzada-si-hay-un-tico-con-corona-ese-es-rodrigo-chaves\/#breadcrumb"},"inLanguage":"es","potentialAction":[{"@type":"ReadAction","target":["https:\/\/lareaccioncr.com\/2026\/2026\/01\/07\/ana-virginia-calzada-si-hay-un-tico-con-corona-ese-es-rodrigo-chaves\/"]}]},{"@type":"ImageObject","inLanguage":"es","@id":"https:\/\/lareaccioncr.com\/2026\/2026\/01\/07\/ana-virginia-calzada-si-hay-un-tico-con-corona-ese-es-rodrigo-chaves\/#primaryimage","url":"https:\/\/lareaccioncr.com\/2026\/wp-content\/uploads\/2026\/01\/Rodrigo-Chaves-Monica-Taylor.jpeg","contentUrl":"https:\/\/lareaccioncr.com\/2026\/wp-content\/uploads\/2026\/01\/Rodrigo-Chaves-Monica-Taylor.jpeg","width":1600,"height":900},{"@type":"BreadcrumbList","@id":"https:\/\/lareaccioncr.com\/2026\/2026\/01\/07\/ana-virginia-calzada-si-hay-un-tico-con-corona-ese-es-rodrigo-chaves\/#breadcrumb","itemListElement":[{"@type":"ListItem","position":1,"name":"Portada","item":"https:\/\/lareaccioncr.com\/2026\/"},{"@type":"ListItem","position":2,"name":"Ana Virginia Calzada: \u00abSi hay un tico con corona ese es Rodrigo Chaves\u00bb"}]},{"@type":"WebSite","@id":"https:\/\/lareaccioncr.com\/2026\/#website","url":"https:\/\/lareaccioncr.com\/2026\/","name":"La Reacci\u00f3n | Costa Rica","description":"Medio digital costarricense","publisher":{"@id":"https:\/\/lareaccioncr.com\/2026\/#organization"},"potentialAction":[{"@type":"SearchAction","target":{"@type":"EntryPoint","urlTemplate":"https:\/\/lareaccioncr.com\/2026\/?s={search_term_string}"},"query-input":{"@type":"PropertyValueSpecification","valueRequired":true,"valueName":"search_term_string"}}],"inLanguage":"es"},{"@type":"Organization","@id":"https:\/\/lareaccioncr.com\/2026\/#organization","name":"La Reacci\u00f3n | Costa Rica","url":"https:\/\/lareaccioncr.com\/2026\/","logo":{"@type":"ImageObject","inLanguage":"es","@id":"https:\/\/lareaccioncr.com\/2026\/#\/schema\/logo\/image\/","url":"https:\/\/lareaccioncr.com\/2026\/wp-content\/uploads\/2024\/08\/logo_screenshot.png","contentUrl":"https:\/\/lareaccioncr.com\/2026\/wp-content\/uploads\/2024\/08\/logo_screenshot.png","width":514,"height":156,"caption":"La Reacci\u00f3n | Costa Rica"},"image":{"@id":"https:\/\/lareaccioncr.com\/2026\/#\/schema\/logo\/image\/"}},{"@type":"Person","@id":"https:\/\/lareaccioncr.com\/2026\/#\/schema\/person\/cbc393ee5be279664c8920588eec9b9b","name":"Alfonso Jos\u00e9 Hern\u00e1ndez Castro","image":{"@type":"ImageObject","inLanguage":"es","@id":"https:\/\/secure.gravatar.com\/avatar\/4f3a3521cd0b10e0c13e43f20522b954c13a8104f068bd2715f70290a3fe456a?s=96&d=mm&r=g","url":"https:\/\/secure.gravatar.com\/avatar\/4f3a3521cd0b10e0c13e43f20522b954c13a8104f068bd2715f70290a3fe456a?s=96&d=mm&r=g","contentUrl":"https:\/\/secure.gravatar.com\/avatar\/4f3a3521cd0b10e0c13e43f20522b954c13a8104f068bd2715f70290a3fe456a?s=96&d=mm&r=g","caption":"Alfonso Jos\u00e9 Hern\u00e1ndez Castro"},"sameAs":["https:\/\/lareaccioncr.com\/2026"],"url":"https:\/\/lareaccioncr.com\/2026\/author\/alfoherca\/"}]}},"jetpack_featured_media_url":"https:\/\/lareaccioncr.com\/2026\/wp-content\/uploads\/2026\/01\/Rodrigo-Chaves-Monica-Taylor.jpeg","jetpack_sharing_enabled":true,"_links":{"self":[{"href":"https:\/\/lareaccioncr.com\/2026\/wp-json\/wp\/v2\/posts\/1665","targetHints":{"allow":["GET"]}}],"collection":[{"href":"https:\/\/lareaccioncr.com\/2026\/wp-json\/wp\/v2\/posts"}],"about":[{"href":"https:\/\/lareaccioncr.com\/2026\/wp-json\/wp\/v2\/types\/post"}],"author":[{"embeddable":true,"href":"https:\/\/lareaccioncr.com\/2026\/wp-json\/wp\/v2\/users\/4"}],"replies":[{"embeddable":true,"href":"https:\/\/lareaccioncr.com\/2026\/wp-json\/wp\/v2\/comments?post=1665"}],"version-history":[{"count":5,"href":"https:\/\/lareaccioncr.com\/2026\/wp-json\/wp\/v2\/posts\/1665\/revisions"}],"predecessor-version":[{"id":1671,"href":"https:\/\/lareaccioncr.com\/2026\/wp-json\/wp\/v2\/posts\/1665\/revisions\/1671"}],"wp:featuredmedia":[{"embeddable":true,"href":"https:\/\/lareaccioncr.com\/2026\/wp-json\/wp\/v2\/media\/1666"}],"wp:attachment":[{"href":"https:\/\/lareaccioncr.com\/2026\/wp-json\/wp\/v2\/media?parent=1665"}],"wp:term":[{"taxonomy":"category","embeddable":true,"href":"https:\/\/lareaccioncr.com\/2026\/wp-json\/wp\/v2\/categories?post=1665"},{"taxonomy":"post_tag","embeddable":true,"href":"https:\/\/lareaccioncr.com\/2026\/wp-json\/wp\/v2\/tags?post=1665"}],"curies":[{"name":"wp","href":"https:\/\/api.w.org\/{rel}","templated":true}]}}