{"id":1672,"date":"2026-01-08T14:50:28","date_gmt":"2026-01-08T20:50:28","guid":{"rendered":"https:\/\/lareaccioncr.com\/2026\/?p=1672"},"modified":"2026-01-08T14:50:30","modified_gmt":"2026-01-08T20:50:30","slug":"movimiento-devuelvanos-el-rop-urge-aprobar-proyectos-de-ley-antes-de-mayo","status":"publish","type":"post","link":"https:\/\/lareaccioncr.com\/2026\/2026\/01\/08\/movimiento-devuelvanos-el-rop-urge-aprobar-proyectos-de-ley-antes-de-mayo\/","title":{"rendered":"Movimiento Devuelv\u00e1nos el ROP urge aprobar proyectos de ley antes de mayo"},"content":{"rendered":"\n<p><strong>Grupo ciudadano insiste en que accionar de Supen y operadoras les violenta sus derechos<\/strong><\/p>\n\n\n\n<p><\/p>\n\n\n\n<p>Los integrantes del <em>Movimiento Ciudadano Devuelv\u00e1nos el ROP<\/em> reiteraron que van a insistir en la aprobaci\u00f3n de los proyectos de ley existentes en la Asamblea Legislativa concernientes a la entrega de los dineros del R\u00e9gimen Obligatorio de Pensiones; montos que est\u00e1n depositados y son gestionados por las Operadoras Complementarias de Pensiones (OPC).<\/p>\n\n\n\n<p>Para ello afirman estar\u00e1n presentes durante las sesiones de la Comisi\u00f3n Permanente de Asuntos Sociales y del Plenario Legislativo a partir del pr\u00f3ximo lunes cuando los diputados retomen sus funciones en el tramo final de su periodo de nombramiento antes de las elecciones nacionales del pr\u00f3ximo 1\u00b0 de febrero.<\/p>\n\n\n\n<p>Es decir, seg\u00fan este movimiento ciudadano la idea es no tener que esperar al cambio de Gobierno para que se den los cambios respectivos en la<\/p>\n\n\n\n<p>Este jueves <strong>Walter Quesada<\/strong> representante de la Asociaci\u00f3n Nacional de Empleados P\u00fablicos y Privados (ANEP), <strong>Oscar Garc\u00eda <\/strong>y <strong>Asdrubal Reyes<\/strong>; representantes del <em>Movimiento Nacional por los Derechos del ROP <\/em>junto con Gary Perry conversaron en <strong>La Reacci\u00f3n<\/strong> sobre sus preocupaciones acerca de las solicitudes para motivar el retorno de los dineros de las pensiones complementarias.<\/p>\n\n\n\n<p>Los voceros rechazaron que sus acciones est\u00e9n en la l\u00ednea de convertir su lucha en un tema de \u00edndole meramente pol\u00edtico.<\/p>\n\n\n\n<p><em>\u201cQueremos que los se\u00f1ores candidatos a la presidencia tengan una posici\u00f3n clara, un apoyo firme y real de ellos para lograr este proyecto. No se vale que ahora nos digan que van a devolvernos el ROP, voten por nosotros y al final se nos va olvidar. Nosotros buscamos que se haga justicia con un grupo de personas que quedamos desamparadas desde el 2022 para ac\u00e1\u201d,<\/em> explic\u00f3 Garc\u00eda en el espacio.<\/p>\n\n\n\n<p>Los voceros y representantes del movimiento reiteraron que desde las operadoras y algunos ciudadanos les han dado un trato discriminatorio, al afirmar entre otros que no saben manejar sus recursos, y que esa es parte de las razones que motivan el no entregar los recursos depositados en las cuentas individuales.<\/p>\n\n\n\n<p><em>\u201cNo son montos millonarios lo que vamos a recibir, es el ahorro que hemos logrado y eso en alguna medida nos va a servir para resolver necesidades inmediatas de salud. Imag\u00ednese que hay listas de compa\u00f1eros que han fallecido y no pudieron retirar el ROP; eso es una injusticia porque con ese dinero pudieron haber pagado un servicio especializado en salud y no tuvieron acceso a ese dinero, y ahora est\u00e1n peleando por qui\u00e9n le toca ese dinero, eso es una injusticia\u201d<\/em>, manifest\u00f3 Asdrubal Reyes.<\/p>\n\n\n\n<p>Los voceros de este movimiento afirman y sostienen que desde la propia Superintendencia existe informaci\u00f3n confusa y el trato hacia los propios trabajadores es una donde no pueden dar certeza de lo que se menciona.<\/p>\n\n\n\n<p>En la actualidad, cuatro proyectos de ley hacen fila en el tr\u00e1mite legislativo que proponen distintos mecanismos para lograr la devoluci\u00f3n del ROP; uno de ellos es del diputado independiente <strong>Gilberth Jim\u00e9nez<\/strong>, otro de la oficialista <strong>Ada Acu\u00f1a<\/strong>, un tercero de la frenteamplista <strong>Roc\u00edo Alfaro<\/strong>; y por \u00faltimo un cuarto que est\u00e1 en la Comisi\u00f3n de Asuntos Jur\u00eddicos impulsado por el jefe de fracci\u00f3n de Liberaci\u00f3n Nacional, <strong>Oscar Izquierdo<\/strong>.<\/p>\n\n\n\n<p>Tanto el superintendente de pensiones, <strong>Hermes Alvarado<\/strong>; como los gerentes de las operadoras de pensiones expresaron en distintos espacios a finales del a\u00f1o pasado su oposici\u00f3n a que se d\u00e9 la entrega de estos dineros.<\/p>\n\n\n\n<p>A continuaci\u00f3n puede repasar nuestra conversaci\u00f3n con el Movimiento.<\/p>\n\n\n\n<figure class=\"wp-block-embed is-type-video is-provider-youtube wp-block-embed-youtube wp-embed-aspect-16-9 wp-has-aspect-ratio\"><div class=\"wp-block-embed__wrapper\">\n<iframe loading=\"lazy\" title=\"Movimiento Pro devoluci\u00f3n del ROP se mantiene en pie de lucha\" width=\"1060\" height=\"596\" src=\"https:\/\/www.youtube.com\/embed\/JILzr1ksVPo?feature=oembed\" frameborder=\"0\" allow=\"accelerometer; autoplay; clipboard-write; encrypted-media; gyroscope; picture-in-picture; web-share\" referrerpolicy=\"strict-origin-when-cross-origin\" allowfullscreen><\/iframe>\n<\/div><\/figure>\n","protected":false},"excerpt":{"rendered":"<p>Grupo ciudadano insiste en que accionar de Supen y operadoras les violenta sus derechos Los integrantes del Movimiento Ciudadano Devuelv\u00e1nos el ROP reiteraron que van a insistir en la aprobaci\u00f3n de los proyectos de ley existentes en la Asamblea Legislativa concernientes a la entrega de [&hellip;]<\/p>\n","protected":false},"author":4,"featured_media":1673,"comment_status":"open","ping_status":"open","sticky":false,"template":"","format":"standard","meta":{"_jetpack_memberships_contains_paid_content":false,"footnotes":""},"categories":[100,93,99],"tags":[323,291,401,412,289,411,350],"class_list":["post-1672","post","type-post","status-publish","format-standard","has-post-thumbnail","hentry","category-mando","category-destacados","category-mercados","tag-asamblea-legislativa","tag-elecciones-2026","tag-inteligencia-electoral","tag-operadoras-de-pensiones","tag-pensiones","tag-rop","tag-supen"],"yoast_head":"<!-- This site is optimized with the Yoast SEO plugin v27.5 - https:\/\/yoast.com\/product\/yoast-seo-wordpress\/ -->\n<title>Movimiento Devuelv\u00e1nos el ROP urge aprobar proyectos de ley antes de mayo<\/title>\n<meta name=\"description\" content=\"Grupo ciudadano insiste en que accionar de Supen y operadoras les violenta sus derechos\" \/>\n<meta name=\"robots\" content=\"noindex, follow, max-snippet:-1, max-image-preview:large, max-video-preview:-1\" \/>\n<meta property=\"og:locale\" content=\"es_ES\" \/>\n<meta property=\"og:type\" content=\"article\" \/>\n<meta property=\"og:title\" content=\"Movimiento Devuelv\u00e1nos el ROP urge aprobar proyectos de ley antes de mayo\" \/>\n<meta property=\"og:description\" content=\"Grupo ciudadano insiste en que accionar de Supen y operadoras les violenta sus derechos\" \/>\n<meta property=\"og:url\" content=\"https:\/\/lareaccioncr.com\/2026\/2026\/01\/08\/movimiento-devuelvanos-el-rop-urge-aprobar-proyectos-de-ley-antes-de-mayo\/\" \/>\n<meta property=\"og:site_name\" content=\"La Reacci\u00f3n | Costa Rica\" \/>\n<meta property=\"article:published_time\" content=\"2026-01-08T20:50:28+00:00\" \/>\n<meta property=\"article:modified_time\" content=\"2026-01-08T20:50:30+00:00\" \/>\n<meta property=\"og:image\" content=\"https:\/\/lareaccioncr.com\/2026\/wp-content\/uploads\/2026\/01\/Devuelvan-el-ROP.jpeg\" \/>\n\t<meta property=\"og:image:width\" content=\"1600\" \/>\n\t<meta property=\"og:image:height\" content=\"1200\" \/>\n\t<meta property=\"og:image:type\" content=\"image\/jpeg\" \/>\n<meta name=\"author\" content=\"Alfonso Jos\u00e9 Hern\u00e1ndez Castro\" \/>\n<meta name=\"twitter:card\" content=\"summary_large_image\" \/>\n<meta name=\"twitter:title\" content=\"Movimiento Devuelv\u00e1nos el ROP urge aprobar proyectos de ley antes de mayo\" \/>\n<meta name=\"twitter:description\" content=\"Grupo ciudadano insiste en que accionar de Supen y operadoras les violenta sus derechos\" \/>\n<meta name=\"twitter:image\" content=\"https:\/\/lareaccioncr.com\/2026\/wp-content\/uploads\/2026\/01\/Devuelvan-el-ROP.jpeg\" \/>\n<meta name=\"twitter:label1\" content=\"Escrito por\" \/>\n\t<meta name=\"twitter:data1\" content=\"Alfonso Jos\u00e9 Hern\u00e1ndez Castro\" \/>\n\t<meta name=\"twitter:label2\" content=\"Tiempo de lectura\" \/>\n\t<meta name=\"twitter:data2\" content=\"3 minutos\" \/>\n<script type=\"application\/ld+json\" class=\"yoast-schema-graph\">{\"@context\":\"https:\\\/\\\/schema.org\",\"@graph\":[{\"@type\":\"Article\",\"@id\":\"https:\\\/\\\/lareaccioncr.com\\\/2026\\\/2026\\\/01\\\/08\\\/movimiento-devuelvanos-el-rop-urge-aprobar-proyectos-de-ley-antes-de-mayo\\\/#article\",\"isPartOf\":{\"@id\":\"https:\\\/\\\/lareaccioncr.com\\\/2026\\\/2026\\\/01\\\/08\\\/movimiento-devuelvanos-el-rop-urge-aprobar-proyectos-de-ley-antes-de-mayo\\\/\"},\"author\":{\"name\":\"Alfonso Jos\u00e9 Hern\u00e1ndez Castro\",\"@id\":\"https:\\\/\\\/lareaccioncr.com\\\/2026\\\/#\\\/schema\\\/person\\\/cbc393ee5be279664c8920588eec9b9b\"},\"headline\":\"Movimiento Devuelv\u00e1nos el ROP urge aprobar proyectos de ley antes de mayo\",\"datePublished\":\"2026-01-08T20:50:28+00:00\",\"dateModified\":\"2026-01-08T20:50:30+00:00\",\"mainEntityOfPage\":{\"@id\":\"https:\\\/\\\/lareaccioncr.com\\\/2026\\\/2026\\\/01\\\/08\\\/movimiento-devuelvanos-el-rop-urge-aprobar-proyectos-de-ley-antes-de-mayo\\\/\"},\"wordCount\":628,\"commentCount\":0,\"publisher\":{\"@id\":\"https:\\\/\\\/lareaccioncr.com\\\/2026\\\/#organization\"},\"image\":{\"@id\":\"https:\\\/\\\/lareaccioncr.com\\\/2026\\\/2026\\\/01\\\/08\\\/movimiento-devuelvanos-el-rop-urge-aprobar-proyectos-de-ley-antes-de-mayo\\\/#primaryimage\"},\"thumbnailUrl\":\"https:\\\/\\\/lareaccioncr.com\\\/2026\\\/wp-content\\\/uploads\\\/2026\\\/01\\\/Devuelvan-el-ROP.jpeg\",\"keywords\":[\"Asamblea Legislativa\",\"elecciones 2026\",\"inteligencia electoral\",\"Operadoras de Pensiones\",\"pensiones\",\"ROP\",\"Supen\"],\"articleSection\":[\"Cambio de Mando\",\"Destacados\",\"Mercados\"],\"inLanguage\":\"es\",\"potentialAction\":[{\"@type\":\"CommentAction\",\"name\":\"Comment\",\"target\":[\"https:\\\/\\\/lareaccioncr.com\\\/2026\\\/2026\\\/01\\\/08\\\/movimiento-devuelvanos-el-rop-urge-aprobar-proyectos-de-ley-antes-de-mayo\\\/#respond\"]}]},{\"@type\":\"WebPage\",\"@id\":\"https:\\\/\\\/lareaccioncr.com\\\/2026\\\/2026\\\/01\\\/08\\\/movimiento-devuelvanos-el-rop-urge-aprobar-proyectos-de-ley-antes-de-mayo\\\/\",\"url\":\"https:\\\/\\\/lareaccioncr.com\\\/2026\\\/2026\\\/01\\\/08\\\/movimiento-devuelvanos-el-rop-urge-aprobar-proyectos-de-ley-antes-de-mayo\\\/\",\"name\":\"Movimiento Devuelv\u00e1nos el ROP urge aprobar proyectos de ley antes de mayo\",\"isPartOf\":{\"@id\":\"https:\\\/\\\/lareaccioncr.com\\\/2026\\\/#website\"},\"primaryImageOfPage\":{\"@id\":\"https:\\\/\\\/lareaccioncr.com\\\/2026\\\/2026\\\/01\\\/08\\\/movimiento-devuelvanos-el-rop-urge-aprobar-proyectos-de-ley-antes-de-mayo\\\/#primaryimage\"},\"image\":{\"@id\":\"https:\\\/\\\/lareaccioncr.com\\\/2026\\\/2026\\\/01\\\/08\\\/movimiento-devuelvanos-el-rop-urge-aprobar-proyectos-de-ley-antes-de-mayo\\\/#primaryimage\"},\"thumbnailUrl\":\"https:\\\/\\\/lareaccioncr.com\\\/2026\\\/wp-content\\\/uploads\\\/2026\\\/01\\\/Devuelvan-el-ROP.jpeg\",\"datePublished\":\"2026-01-08T20:50:28+00:00\",\"dateModified\":\"2026-01-08T20:50:30+00:00\",\"description\":\"Grupo ciudadano insiste en que accionar de Supen y operadoras les violenta sus derechos\",\"breadcrumb\":{\"@id\":\"https:\\\/\\\/lareaccioncr.com\\\/2026\\\/2026\\\/01\\\/08\\\/movimiento-devuelvanos-el-rop-urge-aprobar-proyectos-de-ley-antes-de-mayo\\\/#breadcrumb\"},\"inLanguage\":\"es\",\"potentialAction\":[{\"@type\":\"ReadAction\",\"target\":[\"https:\\\/\\\/lareaccioncr.com\\\/2026\\\/2026\\\/01\\\/08\\\/movimiento-devuelvanos-el-rop-urge-aprobar-proyectos-de-ley-antes-de-mayo\\\/\"]}]},{\"@type\":\"ImageObject\",\"inLanguage\":\"es\",\"@id\":\"https:\\\/\\\/lareaccioncr.com\\\/2026\\\/2026\\\/01\\\/08\\\/movimiento-devuelvanos-el-rop-urge-aprobar-proyectos-de-ley-antes-de-mayo\\\/#primaryimage\",\"url\":\"https:\\\/\\\/lareaccioncr.com\\\/2026\\\/wp-content\\\/uploads\\\/2026\\\/01\\\/Devuelvan-el-ROP.jpeg\",\"contentUrl\":\"https:\\\/\\\/lareaccioncr.com\\\/2026\\\/wp-content\\\/uploads\\\/2026\\\/01\\\/Devuelvan-el-ROP.jpeg\",\"width\":1600,\"height\":1200},{\"@type\":\"BreadcrumbList\",\"@id\":\"https:\\\/\\\/lareaccioncr.com\\\/2026\\\/2026\\\/01\\\/08\\\/movimiento-devuelvanos-el-rop-urge-aprobar-proyectos-de-ley-antes-de-mayo\\\/#breadcrumb\",\"itemListElement\":[{\"@type\":\"ListItem\",\"position\":1,\"name\":\"Portada\",\"item\":\"https:\\\/\\\/lareaccioncr.com\\\/2026\\\/\"},{\"@type\":\"ListItem\",\"position\":2,\"name\":\"Movimiento Devuelv\u00e1nos el ROP urge aprobar proyectos de ley antes de mayo\"}]},{\"@type\":\"WebSite\",\"@id\":\"https:\\\/\\\/lareaccioncr.com\\\/2026\\\/#website\",\"url\":\"https:\\\/\\\/lareaccioncr.com\\\/2026\\\/\",\"name\":\"La Reacci\u00f3n | Costa Rica\",\"description\":\"Medio digital costarricense\",\"publisher\":{\"@id\":\"https:\\\/\\\/lareaccioncr.com\\\/2026\\\/#organization\"},\"potentialAction\":[{\"@type\":\"SearchAction\",\"target\":{\"@type\":\"EntryPoint\",\"urlTemplate\":\"https:\\\/\\\/lareaccioncr.com\\\/2026\\\/?s={search_term_string}\"},\"query-input\":{\"@type\":\"PropertyValueSpecification\",\"valueRequired\":true,\"valueName\":\"search_term_string\"}}],\"inLanguage\":\"es\"},{\"@type\":\"Organization\",\"@id\":\"https:\\\/\\\/lareaccioncr.com\\\/2026\\\/#organization\",\"name\":\"La Reacci\u00f3n | Costa Rica\",\"url\":\"https:\\\/\\\/lareaccioncr.com\\\/2026\\\/\",\"logo\":{\"@type\":\"ImageObject\",\"inLanguage\":\"es\",\"@id\":\"https:\\\/\\\/lareaccioncr.com\\\/2026\\\/#\\\/schema\\\/logo\\\/image\\\/\",\"url\":\"https:\\\/\\\/lareaccioncr.com\\\/2026\\\/wp-content\\\/uploads\\\/2024\\\/08\\\/logo_screenshot.png\",\"contentUrl\":\"https:\\\/\\\/lareaccioncr.com\\\/2026\\\/wp-content\\\/uploads\\\/2024\\\/08\\\/logo_screenshot.png\",\"width\":514,\"height\":156,\"caption\":\"La Reacci\u00f3n | Costa Rica\"},\"image\":{\"@id\":\"https:\\\/\\\/lareaccioncr.com\\\/2026\\\/#\\\/schema\\\/logo\\\/image\\\/\"}},{\"@type\":\"Person\",\"@id\":\"https:\\\/\\\/lareaccioncr.com\\\/2026\\\/#\\\/schema\\\/person\\\/cbc393ee5be279664c8920588eec9b9b\",\"name\":\"Alfonso Jos\u00e9 Hern\u00e1ndez Castro\",\"image\":{\"@type\":\"ImageObject\",\"inLanguage\":\"es\",\"@id\":\"https:\\\/\\\/secure.gravatar.com\\\/avatar\\\/4f3a3521cd0b10e0c13e43f20522b954c13a8104f068bd2715f70290a3fe456a?s=96&d=mm&r=g\",\"url\":\"https:\\\/\\\/secure.gravatar.com\\\/avatar\\\/4f3a3521cd0b10e0c13e43f20522b954c13a8104f068bd2715f70290a3fe456a?s=96&d=mm&r=g\",\"contentUrl\":\"https:\\\/\\\/secure.gravatar.com\\\/avatar\\\/4f3a3521cd0b10e0c13e43f20522b954c13a8104f068bd2715f70290a3fe456a?s=96&d=mm&r=g\",\"caption\":\"Alfonso Jos\u00e9 Hern\u00e1ndez Castro\"},\"sameAs\":[\"https:\\\/\\\/lareaccioncr.com\\\/2026\"],\"url\":\"https:\\\/\\\/lareaccioncr.com\\\/2026\\\/author\\\/alfoherca\\\/\"}]}<\/script>\n<!-- \/ Yoast SEO plugin. -->","yoast_head_json":{"title":"Movimiento Devuelv\u00e1nos el ROP urge aprobar proyectos de ley antes de mayo","description":"Grupo ciudadano insiste en que accionar de Supen y operadoras les violenta sus derechos","robots":{"index":"noindex","follow":"follow","max-snippet":"max-snippet:-1","max-image-preview":"max-image-preview:large","max-video-preview":"max-video-preview:-1"},"og_locale":"es_ES","og_type":"article","og_title":"Movimiento Devuelv\u00e1nos el ROP urge aprobar proyectos de ley antes de mayo","og_description":"Grupo ciudadano insiste en que accionar de Supen y operadoras les violenta sus derechos","og_url":"https:\/\/lareaccioncr.com\/2026\/2026\/01\/08\/movimiento-devuelvanos-el-rop-urge-aprobar-proyectos-de-ley-antes-de-mayo\/","og_site_name":"La Reacci\u00f3n | Costa Rica","article_published_time":"2026-01-08T20:50:28+00:00","article_modified_time":"2026-01-08T20:50:30+00:00","og_image":[{"width":1600,"height":1200,"url":"https:\/\/lareaccioncr.com\/2026\/wp-content\/uploads\/2026\/01\/Devuelvan-el-ROP.jpeg","type":"image\/jpeg"}],"author":"Alfonso Jos\u00e9 Hern\u00e1ndez Castro","twitter_card":"summary_large_image","twitter_title":"Movimiento Devuelv\u00e1nos el ROP urge aprobar proyectos de ley antes de mayo","twitter_description":"Grupo ciudadano insiste en que accionar de Supen y operadoras les violenta sus derechos","twitter_image":"https:\/\/lareaccioncr.com\/2026\/wp-content\/uploads\/2026\/01\/Devuelvan-el-ROP.jpeg","twitter_misc":{"Escrito por":"Alfonso Jos\u00e9 Hern\u00e1ndez Castro","Tiempo de lectura":"3 minutos"},"schema":{"@context":"https:\/\/schema.org","@graph":[{"@type":"Article","@id":"https:\/\/lareaccioncr.com\/2026\/2026\/01\/08\/movimiento-devuelvanos-el-rop-urge-aprobar-proyectos-de-ley-antes-de-mayo\/#article","isPartOf":{"@id":"https:\/\/lareaccioncr.com\/2026\/2026\/01\/08\/movimiento-devuelvanos-el-rop-urge-aprobar-proyectos-de-ley-antes-de-mayo\/"},"author":{"name":"Alfonso Jos\u00e9 Hern\u00e1ndez Castro","@id":"https:\/\/lareaccioncr.com\/2026\/#\/schema\/person\/cbc393ee5be279664c8920588eec9b9b"},"headline":"Movimiento Devuelv\u00e1nos el ROP urge aprobar proyectos de ley antes de mayo","datePublished":"2026-01-08T20:50:28+00:00","dateModified":"2026-01-08T20:50:30+00:00","mainEntityOfPage":{"@id":"https:\/\/lareaccioncr.com\/2026\/2026\/01\/08\/movimiento-devuelvanos-el-rop-urge-aprobar-proyectos-de-ley-antes-de-mayo\/"},"wordCount":628,"commentCount":0,"publisher":{"@id":"https:\/\/lareaccioncr.com\/2026\/#organization"},"image":{"@id":"https:\/\/lareaccioncr.com\/2026\/2026\/01\/08\/movimiento-devuelvanos-el-rop-urge-aprobar-proyectos-de-ley-antes-de-mayo\/#primaryimage"},"thumbnailUrl":"https:\/\/lareaccioncr.com\/2026\/wp-content\/uploads\/2026\/01\/Devuelvan-el-ROP.jpeg","keywords":["Asamblea Legislativa","elecciones 2026","inteligencia electoral","Operadoras de Pensiones","pensiones","ROP","Supen"],"articleSection":["Cambio de Mando","Destacados","Mercados"],"inLanguage":"es","potentialAction":[{"@type":"CommentAction","name":"Comment","target":["https:\/\/lareaccioncr.com\/2026\/2026\/01\/08\/movimiento-devuelvanos-el-rop-urge-aprobar-proyectos-de-ley-antes-de-mayo\/#respond"]}]},{"@type":"WebPage","@id":"https:\/\/lareaccioncr.com\/2026\/2026\/01\/08\/movimiento-devuelvanos-el-rop-urge-aprobar-proyectos-de-ley-antes-de-mayo\/","url":"https:\/\/lareaccioncr.com\/2026\/2026\/01\/08\/movimiento-devuelvanos-el-rop-urge-aprobar-proyectos-de-ley-antes-de-mayo\/","name":"Movimiento Devuelv\u00e1nos el ROP urge aprobar proyectos de ley antes de mayo","isPartOf":{"@id":"https:\/\/lareaccioncr.com\/2026\/#website"},"primaryImageOfPage":{"@id":"https:\/\/lareaccioncr.com\/2026\/2026\/01\/08\/movimiento-devuelvanos-el-rop-urge-aprobar-proyectos-de-ley-antes-de-mayo\/#primaryimage"},"image":{"@id":"https:\/\/lareaccioncr.com\/2026\/2026\/01\/08\/movimiento-devuelvanos-el-rop-urge-aprobar-proyectos-de-ley-antes-de-mayo\/#primaryimage"},"thumbnailUrl":"https:\/\/lareaccioncr.com\/2026\/wp-content\/uploads\/2026\/01\/Devuelvan-el-ROP.jpeg","datePublished":"2026-01-08T20:50:28+00:00","dateModified":"2026-01-08T20:50:30+00:00","description":"Grupo ciudadano insiste en que accionar de Supen y operadoras les violenta sus derechos","breadcrumb":{"@id":"https:\/\/lareaccioncr.com\/2026\/2026\/01\/08\/movimiento-devuelvanos-el-rop-urge-aprobar-proyectos-de-ley-antes-de-mayo\/#breadcrumb"},"inLanguage":"es","potentialAction":[{"@type":"ReadAction","target":["https:\/\/lareaccioncr.com\/2026\/2026\/01\/08\/movimiento-devuelvanos-el-rop-urge-aprobar-proyectos-de-ley-antes-de-mayo\/"]}]},{"@type":"ImageObject","inLanguage":"es","@id":"https:\/\/lareaccioncr.com\/2026\/2026\/01\/08\/movimiento-devuelvanos-el-rop-urge-aprobar-proyectos-de-ley-antes-de-mayo\/#primaryimage","url":"https:\/\/lareaccioncr.com\/2026\/wp-content\/uploads\/2026\/01\/Devuelvan-el-ROP.jpeg","contentUrl":"https:\/\/lareaccioncr.com\/2026\/wp-content\/uploads\/2026\/01\/Devuelvan-el-ROP.jpeg","width":1600,"height":1200},{"@type":"BreadcrumbList","@id":"https:\/\/lareaccioncr.com\/2026\/2026\/01\/08\/movimiento-devuelvanos-el-rop-urge-aprobar-proyectos-de-ley-antes-de-mayo\/#breadcrumb","itemListElement":[{"@type":"ListItem","position":1,"name":"Portada","item":"https:\/\/lareaccioncr.com\/2026\/"},{"@type":"ListItem","position":2,"name":"Movimiento Devuelv\u00e1nos el ROP urge aprobar proyectos de ley antes de mayo"}]},{"@type":"WebSite","@id":"https:\/\/lareaccioncr.com\/2026\/#website","url":"https:\/\/lareaccioncr.com\/2026\/","name":"La Reacci\u00f3n | Costa Rica","description":"Medio digital costarricense","publisher":{"@id":"https:\/\/lareaccioncr.com\/2026\/#organization"},"potentialAction":[{"@type":"SearchAction","target":{"@type":"EntryPoint","urlTemplate":"https:\/\/lareaccioncr.com\/2026\/?s={search_term_string}"},"query-input":{"@type":"PropertyValueSpecification","valueRequired":true,"valueName":"search_term_string"}}],"inLanguage":"es"},{"@type":"Organization","@id":"https:\/\/lareaccioncr.com\/2026\/#organization","name":"La Reacci\u00f3n | Costa Rica","url":"https:\/\/lareaccioncr.com\/2026\/","logo":{"@type":"ImageObject","inLanguage":"es","@id":"https:\/\/lareaccioncr.com\/2026\/#\/schema\/logo\/image\/","url":"https:\/\/lareaccioncr.com\/2026\/wp-content\/uploads\/2024\/08\/logo_screenshot.png","contentUrl":"https:\/\/lareaccioncr.com\/2026\/wp-content\/uploads\/2024\/08\/logo_screenshot.png","width":514,"height":156,"caption":"La Reacci\u00f3n | Costa Rica"},"image":{"@id":"https:\/\/lareaccioncr.com\/2026\/#\/schema\/logo\/image\/"}},{"@type":"Person","@id":"https:\/\/lareaccioncr.com\/2026\/#\/schema\/person\/cbc393ee5be279664c8920588eec9b9b","name":"Alfonso Jos\u00e9 Hern\u00e1ndez Castro","image":{"@type":"ImageObject","inLanguage":"es","@id":"https:\/\/secure.gravatar.com\/avatar\/4f3a3521cd0b10e0c13e43f20522b954c13a8104f068bd2715f70290a3fe456a?s=96&d=mm&r=g","url":"https:\/\/secure.gravatar.com\/avatar\/4f3a3521cd0b10e0c13e43f20522b954c13a8104f068bd2715f70290a3fe456a?s=96&d=mm&r=g","contentUrl":"https:\/\/secure.gravatar.com\/avatar\/4f3a3521cd0b10e0c13e43f20522b954c13a8104f068bd2715f70290a3fe456a?s=96&d=mm&r=g","caption":"Alfonso Jos\u00e9 Hern\u00e1ndez Castro"},"sameAs":["https:\/\/lareaccioncr.com\/2026"],"url":"https:\/\/lareaccioncr.com\/2026\/author\/alfoherca\/"}]}},"jetpack_featured_media_url":"https:\/\/lareaccioncr.com\/2026\/wp-content\/uploads\/2026\/01\/Devuelvan-el-ROP.jpeg","jetpack_sharing_enabled":true,"_links":{"self":[{"href":"https:\/\/lareaccioncr.com\/2026\/wp-json\/wp\/v2\/posts\/1672","targetHints":{"allow":["GET"]}}],"collection":[{"href":"https:\/\/lareaccioncr.com\/2026\/wp-json\/wp\/v2\/posts"}],"about":[{"href":"https:\/\/lareaccioncr.com\/2026\/wp-json\/wp\/v2\/types\/post"}],"author":[{"embeddable":true,"href":"https:\/\/lareaccioncr.com\/2026\/wp-json\/wp\/v2\/users\/4"}],"replies":[{"embeddable":true,"href":"https:\/\/lareaccioncr.com\/2026\/wp-json\/wp\/v2\/comments?post=1672"}],"version-history":[{"count":1,"href":"https:\/\/lareaccioncr.com\/2026\/wp-json\/wp\/v2\/posts\/1672\/revisions"}],"predecessor-version":[{"id":1674,"href":"https:\/\/lareaccioncr.com\/2026\/wp-json\/wp\/v2\/posts\/1672\/revisions\/1674"}],"wp:featuredmedia":[{"embeddable":true,"href":"https:\/\/lareaccioncr.com\/2026\/wp-json\/wp\/v2\/media\/1673"}],"wp:attachment":[{"href":"https:\/\/lareaccioncr.com\/2026\/wp-json\/wp\/v2\/media?parent=1672"}],"wp:term":[{"taxonomy":"category","embeddable":true,"href":"https:\/\/lareaccioncr.com\/2026\/wp-json\/wp\/v2\/categories?post=1672"},{"taxonomy":"post_tag","embeddable":true,"href":"https:\/\/lareaccioncr.com\/2026\/wp-json\/wp\/v2\/tags?post=1672"}],"curies":[{"name":"wp","href":"https:\/\/api.w.org\/{rel}","templated":true}]}}