{"id":1675,"date":"2026-01-09T11:35:33","date_gmt":"2026-01-09T17:35:33","guid":{"rendered":"https:\/\/lareaccioncr.com\/2026\/?p=1675"},"modified":"2026-01-09T11:35:34","modified_gmt":"2026-01-09T17:35:34","slug":"lunes-12-de-enero-empezara-distribucion-de-material-electoral","status":"publish","type":"post","link":"https:\/\/lareaccioncr.com\/2026\/2026\/01\/09\/lunes-12-de-enero-empezara-distribucion-de-material-electoral\/","title":{"rendered":"Lunes 12 de enero empezar\u00e1 distribuci\u00f3n de material electoral"},"content":{"rendered":"\n<p><strong>Proceso de entrega llevar\u00e1 acompa\u00f1amiento permanente de la Fuerza P\u00fablica hasta que llegue a manos de la Juntas cantonales, quienes resguardar\u00e1n el material hasta el pr\u00f3ximo 1\u00b0 de febrero<\/strong><\/p>\n\n\n\n<p><\/p>\n\n\n\n<p>El cant\u00f3n central de <strong>San Jos\u00e9, Alajuelita, Escaz\u00fa, Montes de Oca, Curridabat y Dota<\/strong> de la capital, <strong>Bel\u00e9n, Flores, Santa Barbara<\/strong> de la provincia de Heredia, y los cartagineses de <strong>La Uni\u00f3n y cant\u00f3n central<\/strong> ser\u00e1n las primeras localidades que recibir\u00e1n el material electoral.<\/p>\n\n\n\n<p>La distribuci\u00f3n de las tulas con el material empezar\u00e1 el pr\u00f3ximo lunes 12 de enero con un total del 28% de la totalidad, y seg\u00fan el cronograma y estimaciones legales del C\u00f3digo Electoral para el pr\u00f3ximo s\u00e1bado 17 de enero deber\u00e1n estar completa la entrega del material electoral a las juntas cantonales, estas ser\u00e1n las encargadas de resguardar toda la documentaci\u00f3n hasta el pr\u00f3ximo 1\u00b0 de febrero, d\u00eda de las elecciones nacionales.<\/p>\n\n\n\n<p>El empaque de todos los materiales a distribuirse en las 7154 juntas receptoras de votos empez\u00f3 este jueves 8 de enero, as\u00ed lo detallaron las autoridades del Tribunal Supremo de Elecciones durante una conferencia de prensa desarrollada en la bodega de Las Brisas, ubicada en San Rafael Abajo de Desamparados; lugar desde donde saldr\u00e1n los materiales hacia las juntas cantonales.<\/p>\n\n\n\n<p>Seg\u00fan explic\u00f3 el director interino de Registro Electoral y de Financiamiento de los Partidos Pol\u00edticos, <strong>Gerardo Abarca<\/strong>; el proceso tendr\u00e1 una vigilancia y acompa\u00f1amiento permanente de la Fuerza P\u00fablica.<\/p>\n\n\n\n<p><em>\u201cCuando una ruta de distribuci\u00f3n sale hay un veh\u00edculo que escolta o que acompa\u00f1a a cada uno de esos camiones donde va un coordinador de ruta que es un funcionario del Tribunal Supremo de Elecciones acompa\u00f1ado de manera permanente desde que sale de aqu\u00ed hasta que cada uno y \u00faltimo de esos paquetes es entregado a la junta cantonal para su custodia por un oficial de Fuerza P\u00fablica; que ha sido coordinado entre el coordinador del proceso de distribuci\u00f3n con los directores de Fuerza P\u00fablica. De igual manera la ruta es conocida por ellos para brindar apoyo en el camino, hubo una reuni\u00f3n realizada ayer donde se ultimaron algunos detalles en relaci\u00f3n con este proceso\u201d<\/em>, explic\u00f3 el funcionario.<\/p>\n\n\n\n<p>En el proceso de empaque del proceso electoral participan un total de 95 funcionarios, que lo realizan en dos turnos entre las 6:30 de la ma\u00f1ana hasta las 02:30 de la tarde, y de las 2 de la tarde hasta las 9 de la noche.<\/p>\n\n\n\n<p>El empaque del material electoral se estima finalizar\u00e1 por parte del \u00f3rgano electoral el pr\u00f3ximo 15 de enero, aunque lo concerniente al material que se utilizar\u00e1 en el voto en el extranjero ya fue enviado a los diferentes consulados donde se desarrollar\u00e1 el proceso de las elecciones el pr\u00f3ximo 1\u00b0 de febrero.<\/p>\n\n\n\n<p>Dentro de cada una de las tulas deber\u00e1 ir de forma correspondiente lo siguiente: un paquete de papeletas blancas para la elecci\u00f3n presidencial y de vicepresidentes, otro de color celeste para las diputaciones, se incluir\u00e1n lapiceros para los integrantes de la mesa, un padr\u00f3n registro que contiene las actas de apertura y clausura de la Junta Receptora de Votos, hojas para anotar las incidencias y los nombres, n\u00famero de c\u00e9dula y fotograf\u00edas de los electores enlistados en la respectiva de la Junta Receptora de Votos, urnas, lista de votantes para colocarse a la salida de las aulas, cartelones con los nombres de las candidaturas legislativas y crayones anaranjados para la emisi\u00f3n del voto, sobres rotulados para depositar las papeletas, marchamos de seguridad y otros materiales menores como tijeras. bolsas de seguridad, cinta engomada, entre otros.<\/p>\n\n\n\n<p>Repase a continuaci\u00f3n todos los detalles en la conferencia dada por el \u00f3rgano electoral a continuaci\u00f3n.<\/p>\n\n\n\n<figure class=\"wp-block-embed is-type-video is-provider-youtube wp-block-embed-youtube wp-embed-aspect-16-9 wp-has-aspect-ratio\"><div class=\"wp-block-embed__wrapper\">\n<iframe loading=\"lazy\" title=\"\u00bfC\u00f3mo va el proceso de empaque del material electoral?\" width=\"1060\" height=\"596\" src=\"https:\/\/www.youtube.com\/embed\/WzdWrv6jtJA?feature=oembed\" frameborder=\"0\" allow=\"accelerometer; autoplay; clipboard-write; encrypted-media; gyroscope; picture-in-picture; web-share\" referrerpolicy=\"strict-origin-when-cross-origin\" allowfullscreen><\/iframe>\n<\/div><\/figure>\n","protected":false},"excerpt":{"rendered":"<p>Proceso de entrega llevar\u00e1 acompa\u00f1amiento permanente de la Fuerza P\u00fablica hasta que llegue a manos de la Juntas cantonales, quienes resguardar\u00e1n el material hasta el pr\u00f3ximo 1\u00b0 de febrero El cant\u00f3n central de San Jos\u00e9, Alajuelita, Escaz\u00fa, Montes de Oca, Curridabat y Dota de la [&hellip;]<\/p>\n","protected":false},"author":4,"featured_media":1676,"comment_status":"open","ping_status":"open","sticky":false,"template":"","format":"standard","meta":{"_jetpack_memberships_contains_paid_content":false,"footnotes":""},"categories":[100,93,97],"tags":[291,474,473,314],"class_list":["post-1675","post","type-post","status-publish","format-standard","has-post-thumbnail","hentry","category-mando","category-destacados","category-politica","tag-elecciones-2026","tag-gerardo-abarca","tag-papeletas","tag-tribunal-supremo-de-elecciones"],"yoast_head":"<!-- This site is optimized with the Yoast SEO plugin v27.4 - https:\/\/yoast.com\/product\/yoast-seo-wordpress\/ -->\n<title>Lunes 12 de enero empezar\u00e1 distribuci\u00f3n de material electoral<\/title>\n<meta name=\"description\" content=\"Proceso de entrega llevar\u00e1 acompa\u00f1amiento permanente de la Fuerza P\u00fablica hasta que llegue a manos de la Juntas cantonales, quienes resguardar\u00e1n el material hasta el pr\u00f3ximo 1\u00b0 de febrero\" \/>\n<meta name=\"robots\" content=\"noindex, follow, max-snippet:-1, max-image-preview:large, max-video-preview:-1\" \/>\n<meta property=\"og:locale\" content=\"es_ES\" \/>\n<meta property=\"og:type\" content=\"article\" \/>\n<meta property=\"og:title\" content=\"Lunes 12 de enero empezar\u00e1 distribuci\u00f3n de material electoral\" \/>\n<meta property=\"og:description\" content=\"Proceso de entrega llevar\u00e1 acompa\u00f1amiento permanente de la Fuerza P\u00fablica hasta que llegue a manos de la Juntas cantonales, quienes resguardar\u00e1n el material hasta el pr\u00f3ximo 1\u00b0 de febrero\" \/>\n<meta property=\"og:url\" content=\"https:\/\/lareaccioncr.com\/2026\/2026\/01\/09\/lunes-12-de-enero-empezara-distribucion-de-material-electoral\/\" \/>\n<meta property=\"og:site_name\" content=\"La Reacci\u00f3n | Costa Rica\" \/>\n<meta property=\"article:published_time\" content=\"2026-01-09T17:35:33+00:00\" \/>\n<meta property=\"article:modified_time\" content=\"2026-01-09T17:35:34+00:00\" \/>\n<meta property=\"og:image\" content=\"https:\/\/lareaccioncr.com\/2026\/wp-content\/uploads\/2026\/01\/Material-Electoral.jpeg\" \/>\n\t<meta property=\"og:image:width\" content=\"1600\" \/>\n\t<meta property=\"og:image:height\" content=\"900\" \/>\n\t<meta property=\"og:image:type\" content=\"image\/jpeg\" \/>\n<meta name=\"author\" content=\"Alfonso Jos\u00e9 Hern\u00e1ndez Castro\" \/>\n<meta name=\"twitter:card\" content=\"summary_large_image\" \/>\n<meta name=\"twitter:title\" content=\"Lunes 12 de enero empezar\u00e1 distribuci\u00f3n de material electoral\" \/>\n<meta name=\"twitter:description\" content=\"Proceso de entrega llevar\u00e1 acompa\u00f1amiento permanente de la Fuerza P\u00fablica hasta que llegue a manos de la Juntas cantonales, quienes resguardar\u00e1n el material hasta el pr\u00f3ximo 1\u00b0 de febrero\" \/>\n<meta name=\"twitter:image\" content=\"https:\/\/lareaccioncr.com\/2026\/wp-content\/uploads\/2026\/01\/Material-Electoral.jpeg\" \/>\n<meta name=\"twitter:label1\" content=\"Escrito por\" \/>\n\t<meta name=\"twitter:data1\" content=\"Alfonso Jos\u00e9 Hern\u00e1ndez Castro\" \/>\n\t<meta name=\"twitter:label2\" content=\"Tiempo de lectura\" \/>\n\t<meta name=\"twitter:data2\" content=\"3 minutos\" \/>\n<script type=\"application\/ld+json\" class=\"yoast-schema-graph\">{\"@context\":\"https:\\\/\\\/schema.org\",\"@graph\":[{\"@type\":\"Article\",\"@id\":\"https:\\\/\\\/lareaccioncr.com\\\/2026\\\/2026\\\/01\\\/09\\\/lunes-12-de-enero-empezara-distribucion-de-material-electoral\\\/#article\",\"isPartOf\":{\"@id\":\"https:\\\/\\\/lareaccioncr.com\\\/2026\\\/2026\\\/01\\\/09\\\/lunes-12-de-enero-empezara-distribucion-de-material-electoral\\\/\"},\"author\":{\"name\":\"Alfonso Jos\u00e9 Hern\u00e1ndez Castro\",\"@id\":\"https:\\\/\\\/lareaccioncr.com\\\/2026\\\/#\\\/schema\\\/person\\\/cbc393ee5be279664c8920588eec9b9b\"},\"headline\":\"Lunes 12 de enero empezar\u00e1 distribuci\u00f3n de material electoral\",\"datePublished\":\"2026-01-09T17:35:33+00:00\",\"dateModified\":\"2026-01-09T17:35:34+00:00\",\"mainEntityOfPage\":{\"@id\":\"https:\\\/\\\/lareaccioncr.com\\\/2026\\\/2026\\\/01\\\/09\\\/lunes-12-de-enero-empezara-distribucion-de-material-electoral\\\/\"},\"wordCount\":654,\"commentCount\":0,\"publisher\":{\"@id\":\"https:\\\/\\\/lareaccioncr.com\\\/2026\\\/#organization\"},\"image\":{\"@id\":\"https:\\\/\\\/lareaccioncr.com\\\/2026\\\/2026\\\/01\\\/09\\\/lunes-12-de-enero-empezara-distribucion-de-material-electoral\\\/#primaryimage\"},\"thumbnailUrl\":\"https:\\\/\\\/lareaccioncr.com\\\/2026\\\/wp-content\\\/uploads\\\/2026\\\/01\\\/Material-Electoral.jpeg\",\"keywords\":[\"elecciones 2026\",\"Gerardo Abarca\",\"papeletas\",\"Tribunal Supremo de Elecciones\"],\"articleSection\":[\"Cambio de Mando\",\"Destacados\",\"Pol\u00edtica\"],\"inLanguage\":\"es\",\"potentialAction\":[{\"@type\":\"CommentAction\",\"name\":\"Comment\",\"target\":[\"https:\\\/\\\/lareaccioncr.com\\\/2026\\\/2026\\\/01\\\/09\\\/lunes-12-de-enero-empezara-distribucion-de-material-electoral\\\/#respond\"]}]},{\"@type\":\"WebPage\",\"@id\":\"https:\\\/\\\/lareaccioncr.com\\\/2026\\\/2026\\\/01\\\/09\\\/lunes-12-de-enero-empezara-distribucion-de-material-electoral\\\/\",\"url\":\"https:\\\/\\\/lareaccioncr.com\\\/2026\\\/2026\\\/01\\\/09\\\/lunes-12-de-enero-empezara-distribucion-de-material-electoral\\\/\",\"name\":\"Lunes 12 de enero empezar\u00e1 distribuci\u00f3n de material electoral\",\"isPartOf\":{\"@id\":\"https:\\\/\\\/lareaccioncr.com\\\/2026\\\/#website\"},\"primaryImageOfPage\":{\"@id\":\"https:\\\/\\\/lareaccioncr.com\\\/2026\\\/2026\\\/01\\\/09\\\/lunes-12-de-enero-empezara-distribucion-de-material-electoral\\\/#primaryimage\"},\"image\":{\"@id\":\"https:\\\/\\\/lareaccioncr.com\\\/2026\\\/2026\\\/01\\\/09\\\/lunes-12-de-enero-empezara-distribucion-de-material-electoral\\\/#primaryimage\"},\"thumbnailUrl\":\"https:\\\/\\\/lareaccioncr.com\\\/2026\\\/wp-content\\\/uploads\\\/2026\\\/01\\\/Material-Electoral.jpeg\",\"datePublished\":\"2026-01-09T17:35:33+00:00\",\"dateModified\":\"2026-01-09T17:35:34+00:00\",\"description\":\"Proceso de entrega llevar\u00e1 acompa\u00f1amiento permanente de la Fuerza P\u00fablica hasta que llegue a manos de la Juntas cantonales, quienes resguardar\u00e1n el material hasta el pr\u00f3ximo 1\u00b0 de febrero\",\"breadcrumb\":{\"@id\":\"https:\\\/\\\/lareaccioncr.com\\\/2026\\\/2026\\\/01\\\/09\\\/lunes-12-de-enero-empezara-distribucion-de-material-electoral\\\/#breadcrumb\"},\"inLanguage\":\"es\",\"potentialAction\":[{\"@type\":\"ReadAction\",\"target\":[\"https:\\\/\\\/lareaccioncr.com\\\/2026\\\/2026\\\/01\\\/09\\\/lunes-12-de-enero-empezara-distribucion-de-material-electoral\\\/\"]}]},{\"@type\":\"ImageObject\",\"inLanguage\":\"es\",\"@id\":\"https:\\\/\\\/lareaccioncr.com\\\/2026\\\/2026\\\/01\\\/09\\\/lunes-12-de-enero-empezara-distribucion-de-material-electoral\\\/#primaryimage\",\"url\":\"https:\\\/\\\/lareaccioncr.com\\\/2026\\\/wp-content\\\/uploads\\\/2026\\\/01\\\/Material-Electoral.jpeg\",\"contentUrl\":\"https:\\\/\\\/lareaccioncr.com\\\/2026\\\/wp-content\\\/uploads\\\/2026\\\/01\\\/Material-Electoral.jpeg\",\"width\":1600,\"height\":900},{\"@type\":\"BreadcrumbList\",\"@id\":\"https:\\\/\\\/lareaccioncr.com\\\/2026\\\/2026\\\/01\\\/09\\\/lunes-12-de-enero-empezara-distribucion-de-material-electoral\\\/#breadcrumb\",\"itemListElement\":[{\"@type\":\"ListItem\",\"position\":1,\"name\":\"Portada\",\"item\":\"https:\\\/\\\/lareaccioncr.com\\\/2026\\\/\"},{\"@type\":\"ListItem\",\"position\":2,\"name\":\"Lunes 12 de enero empezar\u00e1 distribuci\u00f3n de material electoral\"}]},{\"@type\":\"WebSite\",\"@id\":\"https:\\\/\\\/lareaccioncr.com\\\/2026\\\/#website\",\"url\":\"https:\\\/\\\/lareaccioncr.com\\\/2026\\\/\",\"name\":\"La Reacci\u00f3n | Costa Rica\",\"description\":\"Medio digital costarricense\",\"publisher\":{\"@id\":\"https:\\\/\\\/lareaccioncr.com\\\/2026\\\/#organization\"},\"potentialAction\":[{\"@type\":\"SearchAction\",\"target\":{\"@type\":\"EntryPoint\",\"urlTemplate\":\"https:\\\/\\\/lareaccioncr.com\\\/2026\\\/?s={search_term_string}\"},\"query-input\":{\"@type\":\"PropertyValueSpecification\",\"valueRequired\":true,\"valueName\":\"search_term_string\"}}],\"inLanguage\":\"es\"},{\"@type\":\"Organization\",\"@id\":\"https:\\\/\\\/lareaccioncr.com\\\/2026\\\/#organization\",\"name\":\"La Reacci\u00f3n | Costa Rica\",\"url\":\"https:\\\/\\\/lareaccioncr.com\\\/2026\\\/\",\"logo\":{\"@type\":\"ImageObject\",\"inLanguage\":\"es\",\"@id\":\"https:\\\/\\\/lareaccioncr.com\\\/2026\\\/#\\\/schema\\\/logo\\\/image\\\/\",\"url\":\"https:\\\/\\\/lareaccioncr.com\\\/2026\\\/wp-content\\\/uploads\\\/2024\\\/08\\\/logo_screenshot.png\",\"contentUrl\":\"https:\\\/\\\/lareaccioncr.com\\\/2026\\\/wp-content\\\/uploads\\\/2024\\\/08\\\/logo_screenshot.png\",\"width\":514,\"height\":156,\"caption\":\"La Reacci\u00f3n | Costa Rica\"},\"image\":{\"@id\":\"https:\\\/\\\/lareaccioncr.com\\\/2026\\\/#\\\/schema\\\/logo\\\/image\\\/\"}},{\"@type\":\"Person\",\"@id\":\"https:\\\/\\\/lareaccioncr.com\\\/2026\\\/#\\\/schema\\\/person\\\/cbc393ee5be279664c8920588eec9b9b\",\"name\":\"Alfonso Jos\u00e9 Hern\u00e1ndez Castro\",\"image\":{\"@type\":\"ImageObject\",\"inLanguage\":\"es\",\"@id\":\"https:\\\/\\\/secure.gravatar.com\\\/avatar\\\/4f3a3521cd0b10e0c13e43f20522b954c13a8104f068bd2715f70290a3fe456a?s=96&d=mm&r=g\",\"url\":\"https:\\\/\\\/secure.gravatar.com\\\/avatar\\\/4f3a3521cd0b10e0c13e43f20522b954c13a8104f068bd2715f70290a3fe456a?s=96&d=mm&r=g\",\"contentUrl\":\"https:\\\/\\\/secure.gravatar.com\\\/avatar\\\/4f3a3521cd0b10e0c13e43f20522b954c13a8104f068bd2715f70290a3fe456a?s=96&d=mm&r=g\",\"caption\":\"Alfonso Jos\u00e9 Hern\u00e1ndez Castro\"},\"sameAs\":[\"https:\\\/\\\/lareaccioncr.com\\\/2026\"],\"url\":\"https:\\\/\\\/lareaccioncr.com\\\/2026\\\/author\\\/alfoherca\\\/\"}]}<\/script>\n<!-- \/ Yoast SEO plugin. -->","yoast_head_json":{"title":"Lunes 12 de enero empezar\u00e1 distribuci\u00f3n de material electoral","description":"Proceso de entrega llevar\u00e1 acompa\u00f1amiento permanente de la Fuerza P\u00fablica hasta que llegue a manos de la Juntas cantonales, quienes resguardar\u00e1n el material hasta el pr\u00f3ximo 1\u00b0 de febrero","robots":{"index":"noindex","follow":"follow","max-snippet":"max-snippet:-1","max-image-preview":"max-image-preview:large","max-video-preview":"max-video-preview:-1"},"og_locale":"es_ES","og_type":"article","og_title":"Lunes 12 de enero empezar\u00e1 distribuci\u00f3n de material electoral","og_description":"Proceso de entrega llevar\u00e1 acompa\u00f1amiento permanente de la Fuerza P\u00fablica hasta que llegue a manos de la Juntas cantonales, quienes resguardar\u00e1n el material hasta el pr\u00f3ximo 1\u00b0 de febrero","og_url":"https:\/\/lareaccioncr.com\/2026\/2026\/01\/09\/lunes-12-de-enero-empezara-distribucion-de-material-electoral\/","og_site_name":"La Reacci\u00f3n | Costa Rica","article_published_time":"2026-01-09T17:35:33+00:00","article_modified_time":"2026-01-09T17:35:34+00:00","og_image":[{"width":1600,"height":900,"url":"https:\/\/lareaccioncr.com\/2026\/wp-content\/uploads\/2026\/01\/Material-Electoral.jpeg","type":"image\/jpeg"}],"author":"Alfonso Jos\u00e9 Hern\u00e1ndez Castro","twitter_card":"summary_large_image","twitter_title":"Lunes 12 de enero empezar\u00e1 distribuci\u00f3n de material electoral","twitter_description":"Proceso de entrega llevar\u00e1 acompa\u00f1amiento permanente de la Fuerza P\u00fablica hasta que llegue a manos de la Juntas cantonales, quienes resguardar\u00e1n el material hasta el pr\u00f3ximo 1\u00b0 de febrero","twitter_image":"https:\/\/lareaccioncr.com\/2026\/wp-content\/uploads\/2026\/01\/Material-Electoral.jpeg","twitter_misc":{"Escrito por":"Alfonso Jos\u00e9 Hern\u00e1ndez Castro","Tiempo de lectura":"3 minutos"},"schema":{"@context":"https:\/\/schema.org","@graph":[{"@type":"Article","@id":"https:\/\/lareaccioncr.com\/2026\/2026\/01\/09\/lunes-12-de-enero-empezara-distribucion-de-material-electoral\/#article","isPartOf":{"@id":"https:\/\/lareaccioncr.com\/2026\/2026\/01\/09\/lunes-12-de-enero-empezara-distribucion-de-material-electoral\/"},"author":{"name":"Alfonso Jos\u00e9 Hern\u00e1ndez Castro","@id":"https:\/\/lareaccioncr.com\/2026\/#\/schema\/person\/cbc393ee5be279664c8920588eec9b9b"},"headline":"Lunes 12 de enero empezar\u00e1 distribuci\u00f3n de material electoral","datePublished":"2026-01-09T17:35:33+00:00","dateModified":"2026-01-09T17:35:34+00:00","mainEntityOfPage":{"@id":"https:\/\/lareaccioncr.com\/2026\/2026\/01\/09\/lunes-12-de-enero-empezara-distribucion-de-material-electoral\/"},"wordCount":654,"commentCount":0,"publisher":{"@id":"https:\/\/lareaccioncr.com\/2026\/#organization"},"image":{"@id":"https:\/\/lareaccioncr.com\/2026\/2026\/01\/09\/lunes-12-de-enero-empezara-distribucion-de-material-electoral\/#primaryimage"},"thumbnailUrl":"https:\/\/lareaccioncr.com\/2026\/wp-content\/uploads\/2026\/01\/Material-Electoral.jpeg","keywords":["elecciones 2026","Gerardo Abarca","papeletas","Tribunal Supremo de Elecciones"],"articleSection":["Cambio de Mando","Destacados","Pol\u00edtica"],"inLanguage":"es","potentialAction":[{"@type":"CommentAction","name":"Comment","target":["https:\/\/lareaccioncr.com\/2026\/2026\/01\/09\/lunes-12-de-enero-empezara-distribucion-de-material-electoral\/#respond"]}]},{"@type":"WebPage","@id":"https:\/\/lareaccioncr.com\/2026\/2026\/01\/09\/lunes-12-de-enero-empezara-distribucion-de-material-electoral\/","url":"https:\/\/lareaccioncr.com\/2026\/2026\/01\/09\/lunes-12-de-enero-empezara-distribucion-de-material-electoral\/","name":"Lunes 12 de enero empezar\u00e1 distribuci\u00f3n de material electoral","isPartOf":{"@id":"https:\/\/lareaccioncr.com\/2026\/#website"},"primaryImageOfPage":{"@id":"https:\/\/lareaccioncr.com\/2026\/2026\/01\/09\/lunes-12-de-enero-empezara-distribucion-de-material-electoral\/#primaryimage"},"image":{"@id":"https:\/\/lareaccioncr.com\/2026\/2026\/01\/09\/lunes-12-de-enero-empezara-distribucion-de-material-electoral\/#primaryimage"},"thumbnailUrl":"https:\/\/lareaccioncr.com\/2026\/wp-content\/uploads\/2026\/01\/Material-Electoral.jpeg","datePublished":"2026-01-09T17:35:33+00:00","dateModified":"2026-01-09T17:35:34+00:00","description":"Proceso de entrega llevar\u00e1 acompa\u00f1amiento permanente de la Fuerza P\u00fablica hasta que llegue a manos de la Juntas cantonales, quienes resguardar\u00e1n el material hasta el pr\u00f3ximo 1\u00b0 de febrero","breadcrumb":{"@id":"https:\/\/lareaccioncr.com\/2026\/2026\/01\/09\/lunes-12-de-enero-empezara-distribucion-de-material-electoral\/#breadcrumb"},"inLanguage":"es","potentialAction":[{"@type":"ReadAction","target":["https:\/\/lareaccioncr.com\/2026\/2026\/01\/09\/lunes-12-de-enero-empezara-distribucion-de-material-electoral\/"]}]},{"@type":"ImageObject","inLanguage":"es","@id":"https:\/\/lareaccioncr.com\/2026\/2026\/01\/09\/lunes-12-de-enero-empezara-distribucion-de-material-electoral\/#primaryimage","url":"https:\/\/lareaccioncr.com\/2026\/wp-content\/uploads\/2026\/01\/Material-Electoral.jpeg","contentUrl":"https:\/\/lareaccioncr.com\/2026\/wp-content\/uploads\/2026\/01\/Material-Electoral.jpeg","width":1600,"height":900},{"@type":"BreadcrumbList","@id":"https:\/\/lareaccioncr.com\/2026\/2026\/01\/09\/lunes-12-de-enero-empezara-distribucion-de-material-electoral\/#breadcrumb","itemListElement":[{"@type":"ListItem","position":1,"name":"Portada","item":"https:\/\/lareaccioncr.com\/2026\/"},{"@type":"ListItem","position":2,"name":"Lunes 12 de enero empezar\u00e1 distribuci\u00f3n de material electoral"}]},{"@type":"WebSite","@id":"https:\/\/lareaccioncr.com\/2026\/#website","url":"https:\/\/lareaccioncr.com\/2026\/","name":"La Reacci\u00f3n | Costa Rica","description":"Medio digital costarricense","publisher":{"@id":"https:\/\/lareaccioncr.com\/2026\/#organization"},"potentialAction":[{"@type":"SearchAction","target":{"@type":"EntryPoint","urlTemplate":"https:\/\/lareaccioncr.com\/2026\/?s={search_term_string}"},"query-input":{"@type":"PropertyValueSpecification","valueRequired":true,"valueName":"search_term_string"}}],"inLanguage":"es"},{"@type":"Organization","@id":"https:\/\/lareaccioncr.com\/2026\/#organization","name":"La Reacci\u00f3n | Costa Rica","url":"https:\/\/lareaccioncr.com\/2026\/","logo":{"@type":"ImageObject","inLanguage":"es","@id":"https:\/\/lareaccioncr.com\/2026\/#\/schema\/logo\/image\/","url":"https:\/\/lareaccioncr.com\/2026\/wp-content\/uploads\/2024\/08\/logo_screenshot.png","contentUrl":"https:\/\/lareaccioncr.com\/2026\/wp-content\/uploads\/2024\/08\/logo_screenshot.png","width":514,"height":156,"caption":"La Reacci\u00f3n | Costa Rica"},"image":{"@id":"https:\/\/lareaccioncr.com\/2026\/#\/schema\/logo\/image\/"}},{"@type":"Person","@id":"https:\/\/lareaccioncr.com\/2026\/#\/schema\/person\/cbc393ee5be279664c8920588eec9b9b","name":"Alfonso Jos\u00e9 Hern\u00e1ndez Castro","image":{"@type":"ImageObject","inLanguage":"es","@id":"https:\/\/secure.gravatar.com\/avatar\/4f3a3521cd0b10e0c13e43f20522b954c13a8104f068bd2715f70290a3fe456a?s=96&d=mm&r=g","url":"https:\/\/secure.gravatar.com\/avatar\/4f3a3521cd0b10e0c13e43f20522b954c13a8104f068bd2715f70290a3fe456a?s=96&d=mm&r=g","contentUrl":"https:\/\/secure.gravatar.com\/avatar\/4f3a3521cd0b10e0c13e43f20522b954c13a8104f068bd2715f70290a3fe456a?s=96&d=mm&r=g","caption":"Alfonso Jos\u00e9 Hern\u00e1ndez Castro"},"sameAs":["https:\/\/lareaccioncr.com\/2026"],"url":"https:\/\/lareaccioncr.com\/2026\/author\/alfoherca\/"}]}},"jetpack_featured_media_url":"https:\/\/lareaccioncr.com\/2026\/wp-content\/uploads\/2026\/01\/Material-Electoral.jpeg","jetpack_sharing_enabled":true,"_links":{"self":[{"href":"https:\/\/lareaccioncr.com\/2026\/wp-json\/wp\/v2\/posts\/1675","targetHints":{"allow":["GET"]}}],"collection":[{"href":"https:\/\/lareaccioncr.com\/2026\/wp-json\/wp\/v2\/posts"}],"about":[{"href":"https:\/\/lareaccioncr.com\/2026\/wp-json\/wp\/v2\/types\/post"}],"author":[{"embeddable":true,"href":"https:\/\/lareaccioncr.com\/2026\/wp-json\/wp\/v2\/users\/4"}],"replies":[{"embeddable":true,"href":"https:\/\/lareaccioncr.com\/2026\/wp-json\/wp\/v2\/comments?post=1675"}],"version-history":[{"count":1,"href":"https:\/\/lareaccioncr.com\/2026\/wp-json\/wp\/v2\/posts\/1675\/revisions"}],"predecessor-version":[{"id":1677,"href":"https:\/\/lareaccioncr.com\/2026\/wp-json\/wp\/v2\/posts\/1675\/revisions\/1677"}],"wp:featuredmedia":[{"embeddable":true,"href":"https:\/\/lareaccioncr.com\/2026\/wp-json\/wp\/v2\/media\/1676"}],"wp:attachment":[{"href":"https:\/\/lareaccioncr.com\/2026\/wp-json\/wp\/v2\/media?parent=1675"}],"wp:term":[{"taxonomy":"category","embeddable":true,"href":"https:\/\/lareaccioncr.com\/2026\/wp-json\/wp\/v2\/categories?post=1675"},{"taxonomy":"post_tag","embeddable":true,"href":"https:\/\/lareaccioncr.com\/2026\/wp-json\/wp\/v2\/tags?post=1675"}],"curies":[{"name":"wp","href":"https:\/\/api.w.org\/{rel}","templated":true}]}}