{"id":1678,"date":"2026-01-09T15:22:44","date_gmt":"2026-01-09T21:22:44","guid":{"rendered":"https:\/\/lareaccioncr.com\/2026\/?p=1678"},"modified":"2026-01-09T15:30:39","modified_gmt":"2026-01-09T21:30:39","slug":"tse-estudia-prohibicion-a-gobiernos-extranjeros-de-hablar-sobre-proceso-electoral","status":"publish","type":"post","link":"https:\/\/lareaccioncr.com\/2026\/2026\/01\/09\/tse-estudia-prohibicion-a-gobiernos-extranjeros-de-hablar-sobre-proceso-electoral\/","title":{"rendered":"TSE estudia prohibici\u00f3n a gobiernos extranjeros de hablar sobre proceso electoral"},"content":{"rendered":"\n<p><strong>Aunque ya la Constituci\u00f3n Pol\u00edtica establece prohibici\u00f3n de injerencia de gobiernos extranjeros en asuntos propios de la naci\u00f3n, el \u00f3rgano electoral estudia una solicitud de amparo relacionado con expresiones del presidente de El Salvador, Nayib Bukele. <\/strong><\/p>\n\n\n\n<p><\/p>\n\n\n\n<p>El <strong>Tribunal Supremo de Elecciones <\/strong>(TSE) reconoci\u00f3 que estudia la eventualidad de un recurso de amparo electoral que ir\u00eda en la l\u00ednea de impedir o delimitar la posible injerencia de gobiernos extranjeros en los procesos electorales nacionales.<\/p>\n\n\n\n<p>Dicha acci\u00f3n se sustenta en una primera intervenci\u00f3n que ocurri\u00f3 el pasado mes de setiembre cuando el presidente de El Salvador, Nayib Bukele envi\u00f3 un mensaje mediante video, que fue reproducido por las conferencias de prensa que se realizan en Casa Presidencial el pasado 24 de setiembre; tan solo a una semana de que se realizara la convocatoria de las elecciones nacionales, que ocurri\u00f3 el 1\u00b0 de octubre.<\/p>\n\n\n\n<p>En dicho videoclip Bukele celebra y felicita a <strong>Rodrigo Chaves<\/strong> por la colocaci\u00f3n de esc\u00e1neres e inicio de la construcci\u00f3n de la megac\u00e1rcel.<\/p>\n\n\n\n<p><em>\u201cCuando un gobierno toma las riendas y pone el orden y la seguridad como prioridad se puede lograr hasta lo imposible. Si la pr\u00f3xima administraci\u00f3n le da continuidad a los proyectos de este gobierno no dudo que los mejores tiempos de Costa Rica est\u00e1n por venir, una Costa Rica m\u00e1s segura y m\u00e1s pr\u00f3spera\u201d<\/em>, fueron parte de las declaraciones del mandatario salvadore\u00f1o en aquella oportunidad.<\/p>\n\n\n\n<figure class=\"wp-block-video\"><video height=\"720\" style=\"aspect-ratio: 1278 \/ 720;\" width=\"1278\" controls src=\"https:\/\/lareaccioncr.com\/2026\/wp-content\/uploads\/2026\/01\/El-presidente-Nayib-Bukele-envio-sus-felicitaciones-a-Costa-Rica-y-al-presidente-Rodrigo-Chav.mp4\"><\/video><\/figure>\n\n\n\n<p><strong><sub>Este fue el video dado a conocer por el mandatario salvadore\u00f1o, Nayib Bukele donde felicit\u00f3 al presidente Rodrigo Chaves por avances en materia de seguridad<\/sub><\/strong>.<\/p>\n\n\n\n<p>La Reacci\u00f3n le plante\u00f3 a la magistrada presidente del Tribunal Supremo de Elecciones, <strong>Eugenia Zamora<\/strong> si exist\u00eda alguna forma en que el \u00f3rgano electoral pueda referirse, impedir o dar cuenta de manifestaciones de mandatarios extranjeros en torno al proceso electoral propio de Costa Rica.<\/p>\n\n\n\n<p>Esto luego de que este medio tuviera acceso a informaci\u00f3n confidencial de que se estar\u00eda en preparaci\u00f3n o evaluaci\u00f3n de una visita del mandatario estadounidense Donald Trump como una visita de estado.<\/p>\n\n\n\n<p>Fue ah\u00ed donde Zamora extern\u00f3 que estudian establecer una jurisprudencia a partir de un recurso de amparo que estudian los magistrados electorales.<\/p>\n\n\n\n<p><em>\u201cTenemos un caso en este momento que involucra al presidente de El Salvador, pero de alguna manera el criterio que comunique el tribunal en ese amparo va a fijar a su vez la pauta para cualquiera otra situaci\u00f3n que sucediera similar a lo se\u00f1alado en t\u00e9rminos hip\u00f3teticos. Pienso que debemos esperar a ese an\u00e1lisis del tribunal y se pronuncie al respecto no estar\u00edamos en posici\u00f3n de analizarlo. Tambi\u00e9n recordemos que en materia de relaciones exteriores que es competencia de acuerdo con nuestra Constituci\u00f3n Pol\u00edtica como usted bien lo se\u00f1ala del Ministerio de Relaciones Exteriores y Culto; de manera tal que cualquier tema que toque esta materia tendr\u00e1 que pasar por ese espacio\u201d,<\/em> explic\u00f3 la presidente del \u00f3rgano electoral.<\/p>\n\n\n\n<p>En el caso del vecino pa\u00eds de Honduras, el mandatario estadounidense <strong>Donald Trump<\/strong> escribi\u00f3 a trav\u00e9s de su red social \u201cTruth Social\u201d lo siguiente que gener\u00f3 alertas por un aparente acto de injerencia.<\/p>\n\n\n\n<p><em>\u201cLa democracia est\u00e1 en tela de juicio en las pr\u00f3ximas elecciones en el hermoso pa\u00eds de Honduras el 30 de noviembre. \u00bfMaduro y sus narcoterroristas tomaran el control de otro pa\u00eds como lo hicieron con Cuba, Nicaragua y Venezuela? Quien defiende la democracia y lucha contra Maduro es Tito Asfura\u2026\u201d<\/em>; entre una serie m\u00e1s de afirmaciones.<\/p>\n\n\n\n<figure class=\"wp-block-image size-full\"><img loading=\"lazy\" decoding=\"async\" width=\"192\" height=\"262\" src=\"https:\/\/lareaccioncr.com\/2026\/wp-content\/uploads\/2026\/01\/Trump-y-Honduras.jpeg\" alt=\"\" class=\"wp-image-1682\"\/><\/figure>\n\n\n\n<p><strong><sub>Este fue el post en Truth Social que Donald Trump public\u00f3 el 26 de noviembre de 2025, justo cuatro d\u00edas antes de los comicios en el vecino pa\u00eds de Centroam\u00e9rica. <\/sub><\/strong><\/p>\n\n\n\n<p>Finalmente en medio de las dudas y de un proceso electoral sumamente cerrado, y que tard\u00f3 cerca de un mes para declarar un ganador en efecto Asfura fue declarado como el presidente electo de Honduras.<\/p>\n\n\n\n<p>Repase las declaraciones de Zamora a continuaci\u00f3n como parte de la conferencia de prensa de este viernes en la bodega Las Brisas en San Rafael Abajo de Desamparados.<\/p>\n","protected":false},"excerpt":{"rendered":"<p>Aunque ya la Constituci\u00f3n Pol\u00edtica establece prohibici\u00f3n de injerencia de gobiernos extranjeros en asuntos propios de la naci\u00f3n, el \u00f3rgano electoral estudia una solicitud de amparo relacionado con expresiones del presidente de El Salvador, Nayib Bukele. El Tribunal Supremo de Elecciones (TSE) reconoci\u00f3 que estudia [&hellip;]<\/p>\n","protected":false},"author":4,"featured_media":1492,"comment_status":"open","ping_status":"open","sticky":false,"template":"","format":"standard","meta":{"_jetpack_memberships_contains_paid_content":false,"footnotes":""},"categories":[100,93,97],"tags":[479,476,291,317,477,475,264,314,478],"class_list":["post-1678","post","type-post","status-publish","format-standard","has-post-thumbnail","hentry","category-mando","category-destacados","category-politica","tag-amparo-electoral","tag-donald-trump","tag-elecciones-2026","tag-eugenia-zamora","tag-ingerencia","tag-nayib-bukele","tag-rodrigo-chaves","tag-tribunal-supremo-de-elecciones","tag-votos-nacionales"],"yoast_head":"<!-- This site is optimized with the Yoast SEO plugin v27.4 - https:\/\/yoast.com\/product\/yoast-seo-wordpress\/ -->\n<title>TSE estudia prohibici\u00f3n a gobiernos extranjeros de hablar sobre proceso electoral<\/title>\n<meta name=\"description\" content=\"Aunque ya la Constituci\u00f3n Pol\u00edtica establece prohibici\u00f3n de injerencia de gobiernos extranjeros en asuntos propios de la naci\u00f3n, el \u00f3rgano electoral estudia una solicitud de amparo relacionado con expresiones del presidente de El Salvador, Nayib Bukele.\" \/>\n<meta name=\"robots\" content=\"noindex, follow, max-snippet:-1, max-image-preview:large, max-video-preview:-1\" \/>\n<meta property=\"og:locale\" content=\"es_ES\" \/>\n<meta property=\"og:type\" content=\"article\" \/>\n<meta property=\"og:title\" content=\"TSE estudia prohibici\u00f3n a gobiernos extranjeros de hablar sobre proceso electoral\" \/>\n<meta property=\"og:description\" content=\"Aunque ya la Constituci\u00f3n Pol\u00edtica establece prohibici\u00f3n de injerencia de gobiernos extranjeros en asuntos propios de la naci\u00f3n, el \u00f3rgano electoral estudia una solicitud de amparo relacionado con expresiones del presidente de El Salvador, Nayib Bukele.\" \/>\n<meta property=\"og:url\" content=\"https:\/\/lareaccioncr.com\/2026\/2026\/01\/09\/tse-estudia-prohibicion-a-gobiernos-extranjeros-de-hablar-sobre-proceso-electoral\/\" \/>\n<meta property=\"og:site_name\" content=\"La Reacci\u00f3n | Costa Rica\" \/>\n<meta property=\"article:published_time\" content=\"2026-01-09T21:22:44+00:00\" \/>\n<meta property=\"article:modified_time\" content=\"2026-01-09T21:30:39+00:00\" \/>\n<meta property=\"og:image\" content=\"https:\/\/lareaccioncr.com\/2026\/wp-content\/uploads\/2025\/11\/Edificio-TSE.jpg\" \/>\n\t<meta property=\"og:image:width\" content=\"680\" \/>\n\t<meta property=\"og:image:height\" content=\"440\" \/>\n\t<meta property=\"og:image:type\" content=\"image\/jpeg\" \/>\n<meta name=\"author\" content=\"Alfonso Jos\u00e9 Hern\u00e1ndez Castro\" \/>\n<meta name=\"twitter:card\" content=\"summary_large_image\" \/>\n<meta name=\"twitter:title\" content=\"TSE estudia prohibici\u00f3n a gobiernos extranjeros de hablar sobre proceso electoral\" \/>\n<meta name=\"twitter:description\" content=\"Aunque ya la Constituci\u00f3n Pol\u00edtica establece prohibici\u00f3n de injerencia de gobiernos extranjeros en asuntos propios de la naci\u00f3n, el \u00f3rgano electoral estudia una solicitud de amparo relacionado con expresiones del presidente de El Salvador, Nayib Bukele.\" \/>\n<meta name=\"twitter:image\" content=\"https:\/\/lareaccioncr.com\/2026\/wp-content\/uploads\/2025\/11\/Edificio-TSE.jpg\" \/>\n<meta name=\"twitter:label1\" content=\"Escrito por\" \/>\n\t<meta name=\"twitter:data1\" content=\"Alfonso Jos\u00e9 Hern\u00e1ndez Castro\" \/>\n\t<meta name=\"twitter:label2\" content=\"Tiempo de lectura\" \/>\n\t<meta name=\"twitter:data2\" content=\"4 minutos\" \/>\n<script type=\"application\/ld+json\" class=\"yoast-schema-graph\">{\"@context\":\"https:\\\/\\\/schema.org\",\"@graph\":[{\"@type\":\"Article\",\"@id\":\"https:\\\/\\\/lareaccioncr.com\\\/2026\\\/2026\\\/01\\\/09\\\/tse-estudia-prohibicion-a-gobiernos-extranjeros-de-hablar-sobre-proceso-electoral\\\/#article\",\"isPartOf\":{\"@id\":\"https:\\\/\\\/lareaccioncr.com\\\/2026\\\/2026\\\/01\\\/09\\\/tse-estudia-prohibicion-a-gobiernos-extranjeros-de-hablar-sobre-proceso-electoral\\\/\"},\"author\":{\"name\":\"Alfonso Jos\u00e9 Hern\u00e1ndez Castro\",\"@id\":\"https:\\\/\\\/lareaccioncr.com\\\/2026\\\/#\\\/schema\\\/person\\\/cbc393ee5be279664c8920588eec9b9b\"},\"headline\":\"TSE estudia prohibici\u00f3n a gobiernos extranjeros de hablar sobre proceso electoral\",\"datePublished\":\"2026-01-09T21:22:44+00:00\",\"dateModified\":\"2026-01-09T21:30:39+00:00\",\"mainEntityOfPage\":{\"@id\":\"https:\\\/\\\/lareaccioncr.com\\\/2026\\\/2026\\\/01\\\/09\\\/tse-estudia-prohibicion-a-gobiernos-extranjeros-de-hablar-sobre-proceso-electoral\\\/\"},\"wordCount\":706,\"commentCount\":0,\"publisher\":{\"@id\":\"https:\\\/\\\/lareaccioncr.com\\\/2026\\\/#organization\"},\"image\":{\"@id\":\"https:\\\/\\\/lareaccioncr.com\\\/2026\\\/2026\\\/01\\\/09\\\/tse-estudia-prohibicion-a-gobiernos-extranjeros-de-hablar-sobre-proceso-electoral\\\/#primaryimage\"},\"thumbnailUrl\":\"https:\\\/\\\/lareaccioncr.com\\\/2026\\\/wp-content\\\/uploads\\\/2025\\\/11\\\/Edificio-TSE.jpg\",\"keywords\":[\"amparo electoral\",\"Donald Trump\",\"elecciones 2026\",\"Eugenia Zamora\",\"ingerencia\",\"Nayib Bukele\",\"Rodrigo Chaves\",\"Tribunal Supremo de Elecciones\",\"votos nacionales\"],\"articleSection\":[\"Cambio de Mando\",\"Destacados\",\"Pol\u00edtica\"],\"inLanguage\":\"es\",\"potentialAction\":[{\"@type\":\"CommentAction\",\"name\":\"Comment\",\"target\":[\"https:\\\/\\\/lareaccioncr.com\\\/2026\\\/2026\\\/01\\\/09\\\/tse-estudia-prohibicion-a-gobiernos-extranjeros-de-hablar-sobre-proceso-electoral\\\/#respond\"]}]},{\"@type\":\"WebPage\",\"@id\":\"https:\\\/\\\/lareaccioncr.com\\\/2026\\\/2026\\\/01\\\/09\\\/tse-estudia-prohibicion-a-gobiernos-extranjeros-de-hablar-sobre-proceso-electoral\\\/\",\"url\":\"https:\\\/\\\/lareaccioncr.com\\\/2026\\\/2026\\\/01\\\/09\\\/tse-estudia-prohibicion-a-gobiernos-extranjeros-de-hablar-sobre-proceso-electoral\\\/\",\"name\":\"TSE estudia prohibici\u00f3n a gobiernos extranjeros de hablar sobre proceso electoral\",\"isPartOf\":{\"@id\":\"https:\\\/\\\/lareaccioncr.com\\\/2026\\\/#website\"},\"primaryImageOfPage\":{\"@id\":\"https:\\\/\\\/lareaccioncr.com\\\/2026\\\/2026\\\/01\\\/09\\\/tse-estudia-prohibicion-a-gobiernos-extranjeros-de-hablar-sobre-proceso-electoral\\\/#primaryimage\"},\"image\":{\"@id\":\"https:\\\/\\\/lareaccioncr.com\\\/2026\\\/2026\\\/01\\\/09\\\/tse-estudia-prohibicion-a-gobiernos-extranjeros-de-hablar-sobre-proceso-electoral\\\/#primaryimage\"},\"thumbnailUrl\":\"https:\\\/\\\/lareaccioncr.com\\\/2026\\\/wp-content\\\/uploads\\\/2025\\\/11\\\/Edificio-TSE.jpg\",\"datePublished\":\"2026-01-09T21:22:44+00:00\",\"dateModified\":\"2026-01-09T21:30:39+00:00\",\"description\":\"Aunque ya la Constituci\u00f3n Pol\u00edtica establece prohibici\u00f3n de injerencia de gobiernos extranjeros en asuntos propios de la naci\u00f3n, el \u00f3rgano electoral estudia una solicitud de amparo relacionado con expresiones del presidente de El Salvador, Nayib Bukele.\",\"breadcrumb\":{\"@id\":\"https:\\\/\\\/lareaccioncr.com\\\/2026\\\/2026\\\/01\\\/09\\\/tse-estudia-prohibicion-a-gobiernos-extranjeros-de-hablar-sobre-proceso-electoral\\\/#breadcrumb\"},\"inLanguage\":\"es\",\"potentialAction\":[{\"@type\":\"ReadAction\",\"target\":[\"https:\\\/\\\/lareaccioncr.com\\\/2026\\\/2026\\\/01\\\/09\\\/tse-estudia-prohibicion-a-gobiernos-extranjeros-de-hablar-sobre-proceso-electoral\\\/\"]}]},{\"@type\":\"ImageObject\",\"inLanguage\":\"es\",\"@id\":\"https:\\\/\\\/lareaccioncr.com\\\/2026\\\/2026\\\/01\\\/09\\\/tse-estudia-prohibicion-a-gobiernos-extranjeros-de-hablar-sobre-proceso-electoral\\\/#primaryimage\",\"url\":\"https:\\\/\\\/lareaccioncr.com\\\/2026\\\/wp-content\\\/uploads\\\/2025\\\/11\\\/Edificio-TSE.jpg\",\"contentUrl\":\"https:\\\/\\\/lareaccioncr.com\\\/2026\\\/wp-content\\\/uploads\\\/2025\\\/11\\\/Edificio-TSE.jpg\",\"width\":680,\"height\":440},{\"@type\":\"BreadcrumbList\",\"@id\":\"https:\\\/\\\/lareaccioncr.com\\\/2026\\\/2026\\\/01\\\/09\\\/tse-estudia-prohibicion-a-gobiernos-extranjeros-de-hablar-sobre-proceso-electoral\\\/#breadcrumb\",\"itemListElement\":[{\"@type\":\"ListItem\",\"position\":1,\"name\":\"Portada\",\"item\":\"https:\\\/\\\/lareaccioncr.com\\\/2026\\\/\"},{\"@type\":\"ListItem\",\"position\":2,\"name\":\"TSE estudia prohibici\u00f3n a gobiernos extranjeros de hablar sobre proceso electoral\"}]},{\"@type\":\"WebSite\",\"@id\":\"https:\\\/\\\/lareaccioncr.com\\\/2026\\\/#website\",\"url\":\"https:\\\/\\\/lareaccioncr.com\\\/2026\\\/\",\"name\":\"La Reacci\u00f3n | Costa Rica\",\"description\":\"Medio digital costarricense\",\"publisher\":{\"@id\":\"https:\\\/\\\/lareaccioncr.com\\\/2026\\\/#organization\"},\"potentialAction\":[{\"@type\":\"SearchAction\",\"target\":{\"@type\":\"EntryPoint\",\"urlTemplate\":\"https:\\\/\\\/lareaccioncr.com\\\/2026\\\/?s={search_term_string}\"},\"query-input\":{\"@type\":\"PropertyValueSpecification\",\"valueRequired\":true,\"valueName\":\"search_term_string\"}}],\"inLanguage\":\"es\"},{\"@type\":\"Organization\",\"@id\":\"https:\\\/\\\/lareaccioncr.com\\\/2026\\\/#organization\",\"name\":\"La Reacci\u00f3n | Costa Rica\",\"url\":\"https:\\\/\\\/lareaccioncr.com\\\/2026\\\/\",\"logo\":{\"@type\":\"ImageObject\",\"inLanguage\":\"es\",\"@id\":\"https:\\\/\\\/lareaccioncr.com\\\/2026\\\/#\\\/schema\\\/logo\\\/image\\\/\",\"url\":\"https:\\\/\\\/lareaccioncr.com\\\/2026\\\/wp-content\\\/uploads\\\/2024\\\/08\\\/logo_screenshot.png\",\"contentUrl\":\"https:\\\/\\\/lareaccioncr.com\\\/2026\\\/wp-content\\\/uploads\\\/2024\\\/08\\\/logo_screenshot.png\",\"width\":514,\"height\":156,\"caption\":\"La Reacci\u00f3n | Costa Rica\"},\"image\":{\"@id\":\"https:\\\/\\\/lareaccioncr.com\\\/2026\\\/#\\\/schema\\\/logo\\\/image\\\/\"}},{\"@type\":\"Person\",\"@id\":\"https:\\\/\\\/lareaccioncr.com\\\/2026\\\/#\\\/schema\\\/person\\\/cbc393ee5be279664c8920588eec9b9b\",\"name\":\"Alfonso Jos\u00e9 Hern\u00e1ndez Castro\",\"image\":{\"@type\":\"ImageObject\",\"inLanguage\":\"es\",\"@id\":\"https:\\\/\\\/secure.gravatar.com\\\/avatar\\\/4f3a3521cd0b10e0c13e43f20522b954c13a8104f068bd2715f70290a3fe456a?s=96&d=mm&r=g\",\"url\":\"https:\\\/\\\/secure.gravatar.com\\\/avatar\\\/4f3a3521cd0b10e0c13e43f20522b954c13a8104f068bd2715f70290a3fe456a?s=96&d=mm&r=g\",\"contentUrl\":\"https:\\\/\\\/secure.gravatar.com\\\/avatar\\\/4f3a3521cd0b10e0c13e43f20522b954c13a8104f068bd2715f70290a3fe456a?s=96&d=mm&r=g\",\"caption\":\"Alfonso Jos\u00e9 Hern\u00e1ndez Castro\"},\"sameAs\":[\"https:\\\/\\\/lareaccioncr.com\\\/2026\"],\"url\":\"https:\\\/\\\/lareaccioncr.com\\\/2026\\\/author\\\/alfoherca\\\/\"}]}<\/script>\n<!-- \/ Yoast SEO plugin. -->","yoast_head_json":{"title":"TSE estudia prohibici\u00f3n a gobiernos extranjeros de hablar sobre proceso electoral","description":"Aunque ya la Constituci\u00f3n Pol\u00edtica establece prohibici\u00f3n de injerencia de gobiernos extranjeros en asuntos propios de la naci\u00f3n, el \u00f3rgano electoral estudia una solicitud de amparo relacionado con expresiones del presidente de El Salvador, Nayib Bukele.","robots":{"index":"noindex","follow":"follow","max-snippet":"max-snippet:-1","max-image-preview":"max-image-preview:large","max-video-preview":"max-video-preview:-1"},"og_locale":"es_ES","og_type":"article","og_title":"TSE estudia prohibici\u00f3n a gobiernos extranjeros de hablar sobre proceso electoral","og_description":"Aunque ya la Constituci\u00f3n Pol\u00edtica establece prohibici\u00f3n de injerencia de gobiernos extranjeros en asuntos propios de la naci\u00f3n, el \u00f3rgano electoral estudia una solicitud de amparo relacionado con expresiones del presidente de El Salvador, Nayib Bukele.","og_url":"https:\/\/lareaccioncr.com\/2026\/2026\/01\/09\/tse-estudia-prohibicion-a-gobiernos-extranjeros-de-hablar-sobre-proceso-electoral\/","og_site_name":"La Reacci\u00f3n | Costa Rica","article_published_time":"2026-01-09T21:22:44+00:00","article_modified_time":"2026-01-09T21:30:39+00:00","og_image":[{"width":680,"height":440,"url":"https:\/\/lareaccioncr.com\/2026\/wp-content\/uploads\/2025\/11\/Edificio-TSE.jpg","type":"image\/jpeg"}],"author":"Alfonso Jos\u00e9 Hern\u00e1ndez Castro","twitter_card":"summary_large_image","twitter_title":"TSE estudia prohibici\u00f3n a gobiernos extranjeros de hablar sobre proceso electoral","twitter_description":"Aunque ya la Constituci\u00f3n Pol\u00edtica establece prohibici\u00f3n de injerencia de gobiernos extranjeros en asuntos propios de la naci\u00f3n, el \u00f3rgano electoral estudia una solicitud de amparo relacionado con expresiones del presidente de El Salvador, Nayib Bukele.","twitter_image":"https:\/\/lareaccioncr.com\/2026\/wp-content\/uploads\/2025\/11\/Edificio-TSE.jpg","twitter_misc":{"Escrito por":"Alfonso Jos\u00e9 Hern\u00e1ndez Castro","Tiempo de lectura":"4 minutos"},"schema":{"@context":"https:\/\/schema.org","@graph":[{"@type":"Article","@id":"https:\/\/lareaccioncr.com\/2026\/2026\/01\/09\/tse-estudia-prohibicion-a-gobiernos-extranjeros-de-hablar-sobre-proceso-electoral\/#article","isPartOf":{"@id":"https:\/\/lareaccioncr.com\/2026\/2026\/01\/09\/tse-estudia-prohibicion-a-gobiernos-extranjeros-de-hablar-sobre-proceso-electoral\/"},"author":{"name":"Alfonso Jos\u00e9 Hern\u00e1ndez Castro","@id":"https:\/\/lareaccioncr.com\/2026\/#\/schema\/person\/cbc393ee5be279664c8920588eec9b9b"},"headline":"TSE estudia prohibici\u00f3n a gobiernos extranjeros de hablar sobre proceso electoral","datePublished":"2026-01-09T21:22:44+00:00","dateModified":"2026-01-09T21:30:39+00:00","mainEntityOfPage":{"@id":"https:\/\/lareaccioncr.com\/2026\/2026\/01\/09\/tse-estudia-prohibicion-a-gobiernos-extranjeros-de-hablar-sobre-proceso-electoral\/"},"wordCount":706,"commentCount":0,"publisher":{"@id":"https:\/\/lareaccioncr.com\/2026\/#organization"},"image":{"@id":"https:\/\/lareaccioncr.com\/2026\/2026\/01\/09\/tse-estudia-prohibicion-a-gobiernos-extranjeros-de-hablar-sobre-proceso-electoral\/#primaryimage"},"thumbnailUrl":"https:\/\/lareaccioncr.com\/2026\/wp-content\/uploads\/2025\/11\/Edificio-TSE.jpg","keywords":["amparo electoral","Donald Trump","elecciones 2026","Eugenia Zamora","ingerencia","Nayib Bukele","Rodrigo Chaves","Tribunal Supremo de Elecciones","votos nacionales"],"articleSection":["Cambio de Mando","Destacados","Pol\u00edtica"],"inLanguage":"es","potentialAction":[{"@type":"CommentAction","name":"Comment","target":["https:\/\/lareaccioncr.com\/2026\/2026\/01\/09\/tse-estudia-prohibicion-a-gobiernos-extranjeros-de-hablar-sobre-proceso-electoral\/#respond"]}]},{"@type":"WebPage","@id":"https:\/\/lareaccioncr.com\/2026\/2026\/01\/09\/tse-estudia-prohibicion-a-gobiernos-extranjeros-de-hablar-sobre-proceso-electoral\/","url":"https:\/\/lareaccioncr.com\/2026\/2026\/01\/09\/tse-estudia-prohibicion-a-gobiernos-extranjeros-de-hablar-sobre-proceso-electoral\/","name":"TSE estudia prohibici\u00f3n a gobiernos extranjeros de hablar sobre proceso electoral","isPartOf":{"@id":"https:\/\/lareaccioncr.com\/2026\/#website"},"primaryImageOfPage":{"@id":"https:\/\/lareaccioncr.com\/2026\/2026\/01\/09\/tse-estudia-prohibicion-a-gobiernos-extranjeros-de-hablar-sobre-proceso-electoral\/#primaryimage"},"image":{"@id":"https:\/\/lareaccioncr.com\/2026\/2026\/01\/09\/tse-estudia-prohibicion-a-gobiernos-extranjeros-de-hablar-sobre-proceso-electoral\/#primaryimage"},"thumbnailUrl":"https:\/\/lareaccioncr.com\/2026\/wp-content\/uploads\/2025\/11\/Edificio-TSE.jpg","datePublished":"2026-01-09T21:22:44+00:00","dateModified":"2026-01-09T21:30:39+00:00","description":"Aunque ya la Constituci\u00f3n Pol\u00edtica establece prohibici\u00f3n de injerencia de gobiernos extranjeros en asuntos propios de la naci\u00f3n, el \u00f3rgano electoral estudia una solicitud de amparo relacionado con expresiones del presidente de El Salvador, Nayib Bukele.","breadcrumb":{"@id":"https:\/\/lareaccioncr.com\/2026\/2026\/01\/09\/tse-estudia-prohibicion-a-gobiernos-extranjeros-de-hablar-sobre-proceso-electoral\/#breadcrumb"},"inLanguage":"es","potentialAction":[{"@type":"ReadAction","target":["https:\/\/lareaccioncr.com\/2026\/2026\/01\/09\/tse-estudia-prohibicion-a-gobiernos-extranjeros-de-hablar-sobre-proceso-electoral\/"]}]},{"@type":"ImageObject","inLanguage":"es","@id":"https:\/\/lareaccioncr.com\/2026\/2026\/01\/09\/tse-estudia-prohibicion-a-gobiernos-extranjeros-de-hablar-sobre-proceso-electoral\/#primaryimage","url":"https:\/\/lareaccioncr.com\/2026\/wp-content\/uploads\/2025\/11\/Edificio-TSE.jpg","contentUrl":"https:\/\/lareaccioncr.com\/2026\/wp-content\/uploads\/2025\/11\/Edificio-TSE.jpg","width":680,"height":440},{"@type":"BreadcrumbList","@id":"https:\/\/lareaccioncr.com\/2026\/2026\/01\/09\/tse-estudia-prohibicion-a-gobiernos-extranjeros-de-hablar-sobre-proceso-electoral\/#breadcrumb","itemListElement":[{"@type":"ListItem","position":1,"name":"Portada","item":"https:\/\/lareaccioncr.com\/2026\/"},{"@type":"ListItem","position":2,"name":"TSE estudia prohibici\u00f3n a gobiernos extranjeros de hablar sobre proceso electoral"}]},{"@type":"WebSite","@id":"https:\/\/lareaccioncr.com\/2026\/#website","url":"https:\/\/lareaccioncr.com\/2026\/","name":"La Reacci\u00f3n | Costa Rica","description":"Medio digital costarricense","publisher":{"@id":"https:\/\/lareaccioncr.com\/2026\/#organization"},"potentialAction":[{"@type":"SearchAction","target":{"@type":"EntryPoint","urlTemplate":"https:\/\/lareaccioncr.com\/2026\/?s={search_term_string}"},"query-input":{"@type":"PropertyValueSpecification","valueRequired":true,"valueName":"search_term_string"}}],"inLanguage":"es"},{"@type":"Organization","@id":"https:\/\/lareaccioncr.com\/2026\/#organization","name":"La Reacci\u00f3n | Costa Rica","url":"https:\/\/lareaccioncr.com\/2026\/","logo":{"@type":"ImageObject","inLanguage":"es","@id":"https:\/\/lareaccioncr.com\/2026\/#\/schema\/logo\/image\/","url":"https:\/\/lareaccioncr.com\/2026\/wp-content\/uploads\/2024\/08\/logo_screenshot.png","contentUrl":"https:\/\/lareaccioncr.com\/2026\/wp-content\/uploads\/2024\/08\/logo_screenshot.png","width":514,"height":156,"caption":"La Reacci\u00f3n | Costa Rica"},"image":{"@id":"https:\/\/lareaccioncr.com\/2026\/#\/schema\/logo\/image\/"}},{"@type":"Person","@id":"https:\/\/lareaccioncr.com\/2026\/#\/schema\/person\/cbc393ee5be279664c8920588eec9b9b","name":"Alfonso Jos\u00e9 Hern\u00e1ndez Castro","image":{"@type":"ImageObject","inLanguage":"es","@id":"https:\/\/secure.gravatar.com\/avatar\/4f3a3521cd0b10e0c13e43f20522b954c13a8104f068bd2715f70290a3fe456a?s=96&d=mm&r=g","url":"https:\/\/secure.gravatar.com\/avatar\/4f3a3521cd0b10e0c13e43f20522b954c13a8104f068bd2715f70290a3fe456a?s=96&d=mm&r=g","contentUrl":"https:\/\/secure.gravatar.com\/avatar\/4f3a3521cd0b10e0c13e43f20522b954c13a8104f068bd2715f70290a3fe456a?s=96&d=mm&r=g","caption":"Alfonso Jos\u00e9 Hern\u00e1ndez Castro"},"sameAs":["https:\/\/lareaccioncr.com\/2026"],"url":"https:\/\/lareaccioncr.com\/2026\/author\/alfoherca\/"}]}},"jetpack_featured_media_url":"https:\/\/lareaccioncr.com\/2026\/wp-content\/uploads\/2025\/11\/Edificio-TSE.jpg","jetpack_sharing_enabled":true,"_links":{"self":[{"href":"https:\/\/lareaccioncr.com\/2026\/wp-json\/wp\/v2\/posts\/1678","targetHints":{"allow":["GET"]}}],"collection":[{"href":"https:\/\/lareaccioncr.com\/2026\/wp-json\/wp\/v2\/posts"}],"about":[{"href":"https:\/\/lareaccioncr.com\/2026\/wp-json\/wp\/v2\/types\/post"}],"author":[{"embeddable":true,"href":"https:\/\/lareaccioncr.com\/2026\/wp-json\/wp\/v2\/users\/4"}],"replies":[{"embeddable":true,"href":"https:\/\/lareaccioncr.com\/2026\/wp-json\/wp\/v2\/comments?post=1678"}],"version-history":[{"count":2,"href":"https:\/\/lareaccioncr.com\/2026\/wp-json\/wp\/v2\/posts\/1678\/revisions"}],"predecessor-version":[{"id":1683,"href":"https:\/\/lareaccioncr.com\/2026\/wp-json\/wp\/v2\/posts\/1678\/revisions\/1683"}],"wp:featuredmedia":[{"embeddable":true,"href":"https:\/\/lareaccioncr.com\/2026\/wp-json\/wp\/v2\/media\/1492"}],"wp:attachment":[{"href":"https:\/\/lareaccioncr.com\/2026\/wp-json\/wp\/v2\/media?parent=1678"}],"wp:term":[{"taxonomy":"category","embeddable":true,"href":"https:\/\/lareaccioncr.com\/2026\/wp-json\/wp\/v2\/categories?post=1678"},{"taxonomy":"post_tag","embeddable":true,"href":"https:\/\/lareaccioncr.com\/2026\/wp-json\/wp\/v2\/tags?post=1678"}],"curies":[{"name":"wp","href":"https:\/\/api.w.org\/{rel}","templated":true}]}}