{"id":1684,"date":"2026-01-12T13:11:47","date_gmt":"2026-01-12T19:11:47","guid":{"rendered":"https:\/\/lareaccioncr.com\/2026\/?p=1684"},"modified":"2026-01-12T13:11:48","modified_gmt":"2026-01-12T19:11:48","slug":"fernando-zamora-precios-de-granos-basicos-bajaron-para-campana-electoral","status":"publish","type":"post","link":"https:\/\/lareaccioncr.com\/2026\/2026\/01\/12\/fernando-zamora-precios-de-granos-basicos-bajaron-para-campana-electoral\/","title":{"rendered":"Fernando Zamora: \u00abPrecios de granos b\u00e1sicos bajaron para campa\u00f1a electoral\u00bb"},"content":{"rendered":"\n<p><strong>Aspirante presidencial reconoce a\u00f1orar \u00e9poca \u00abVolvamos a la tierra\u00bb que caracteriz\u00f3 campa\u00f1a electoral del expresidente Luis Alberto Monge \u00c1lvarez (qdDg)<\/strong><\/p>\n\n\n\n<p><\/p>\n\n\n\n<p>El aspirante presidencial del <strong>Partido Nueva Generaci\u00f3n<\/strong>, Fernando Zamora afirma que los importadores de granos b\u00e1sicos tal es el caso del arroz y los frijoles bajan de precio en estos momentos, pero de forma meramente estrat\u00e9gica y coincidente con la campa\u00f1a electoral.<\/p>\n\n\n\n<p>De esta manera <strong>Zamora Castellano<\/strong>s defendi\u00f3 su propuesta en el \u00e1rea econ\u00f3mica para contrarrestar las pol\u00edticas de la presente administraci\u00f3n que afirman destruyeron hasta el momento empleos en las zonas rurales entre quienes producen por ejemplo arroz, frijoles, papa o cebolla.<\/p>\n\n\n\n<p>Tambi\u00e9n destac\u00f3 su formal oposici\u00f3n a que Costa Rica contin\u00fae su camino de incorporaci\u00f3n al <strong>Acuerdo Transpac\u00edfico<\/strong>, camino que inici\u00f3 con la presente administraci\u00f3n, pese a que coincide y apoya los acuerdos comerciales ya establecidos en el pa\u00eds, y que seg\u00fan su visi\u00f3n no representa una amenaza para el sector productivo nacional.<\/p>\n\n\n\n<p><em>\u201cEso no significa que Costa Rica debe abrirse de manera inmesericorde en temas como los que somos buenos como granos b\u00e1sicos que siempre hemos sido sembradores, papa, hortalizas, cebolla; y que empecemos a inundar el mercado por una pol\u00edtica irresponsable contra la producci\u00f3n, y desarrollar acuerdos como Transpac\u00edfico o Alianza del Pac\u00edfico que esos s\u00ed ser\u00edan irresponsables con la producci\u00f3n nacional\u201d<\/em>, manifest\u00f3.<\/p>\n\n\n\n<p>Estas fueron parte de las declaraciones que <strong>Zamora Castellanos<\/strong> extern\u00f3 durante el espacio <em>\u201cInteligencia Electoral\u201d<\/em> de <strong>La Reacci\u00f3n<\/strong> este lunes 12 de enero.<\/p>\n\n\n\n<p>El aspirante presidencial descart\u00f3 las afirmaciones en torno a los estudios y se\u00f1alamientos que recomendaron a\u00f1os atr\u00e1s la eliminaci\u00f3n de los aranceles en torno al arroz, acciones que ejecut\u00f3 la presente administraci\u00f3n con la denominada <em>\u201cRuta del Arroz\u201d.<\/em><\/p>\n\n\n\n<p><em>\u201cCuando se empez\u00f3 a desarrollar la importaci\u00f3n masiva, el arroz no solo no baj\u00f3 como dec\u00eds vos para proteger al consumidor; el arroz m\u00e1s bien seg\u00fan el INEC subi\u00f3 4.33% cuando ya estaba en manos de los importadores porque la naturaleza humana es codiciosa, cuando ya monopolizaron el mercado para qu\u00e9 iban a bajar el precio si no solo se ganaban el margen de intermediaci\u00f3n, no pagaban impuestos, hab\u00edan acabado con la competencia, \u00bfqu\u00e9 fue lo que hicieron? Ahora en campa\u00f1a la bajaron ahora s\u00ed est\u00e1 en campa\u00f1a\u201d<\/em>, sintetiz\u00f3.<\/p>\n\n\n\n<p>Zamora es de los que sostiene que una vez pasada la campa\u00f1a electoral el precio del arroz, grano b\u00e1sico de mayor consumo entre los costarricenses volver\u00e1 a subir.<\/p>\n\n\n\n<p>El aspirante reconoci\u00f3 que en efecto vislumbra en la modernidad acoger aquella frase de campa\u00f1a del expresidente de la Rep\u00fablica, <strong>Luis Alberto Monge (qdDg)<\/strong> sobre <em>\u201cvolvamos a la tierra\u201d<\/em>.<\/p>\n\n\n\n<p><em>\u201cAbsolutamente que no significa y no se me confunda con el estilo de aquel hombre los Jemeres Rojos que convirti\u00f3 a Camboya en solo actividad agr\u00edcola. Vamos a entrarle fuerte a la actividad de las zonas francas, necesitamos m\u00e1s zonas francas de tecnolog\u00eda, necesitamos m\u00e1s zonas francas de nanotecnolog\u00eda, de productos m\u00e9dicos para exportar, de chips electr\u00f3nicos para exportar a Estados Unidos. Yo quiero que las zonas francas y la tecnolog\u00eda se fortalezca, pero tambi\u00e9n quiero que Costa Rica tenga actividad industrial, productiva y s\u00ed volvamos a la tierra tambi\u00e9n\u201d<\/em>, fue su frase de cierre.<\/p>\n\n\n\n<p><strong>La Reacci\u00f3n<\/strong> mantendr\u00e1 el espacio de <em>\u201cInteligencia Electoral\u201d<\/em> durante el mes de enero con conversaciones con los aspirantes presidenciales de cara al pr\u00f3ximo 1\u00b0 de febrero. Este martes 13 de enero conversaremos con <strong>Boris Molina Acevedo<\/strong>; aspirante presidencial de Uni\u00f3n Costarricense Democr\u00e1tica.<\/p>\n\n\n\n<p>Repase la conversaci\u00f3n con <strong>Fernando Zamora<\/strong> a continuaci\u00f3n. <\/p>\n\n\n\n<figure class=\"wp-block-embed is-type-video is-provider-youtube wp-block-embed-youtube wp-embed-aspect-16-9 wp-has-aspect-ratio\"><div class=\"wp-block-embed__wrapper\">\n<iframe loading=\"lazy\" title=\"Inteligencia Electoral con Fernando Zamora\" width=\"1060\" height=\"596\" src=\"https:\/\/www.youtube.com\/embed\/NhyR0ibSGOU?feature=oembed\" frameborder=\"0\" allow=\"accelerometer; autoplay; clipboard-write; encrypted-media; gyroscope; picture-in-picture; web-share\" referrerpolicy=\"strict-origin-when-cross-origin\" allowfullscreen><\/iframe>\n<\/div><\/figure>\n","protected":false},"excerpt":{"rendered":"<p>Aspirante presidencial reconoce a\u00f1orar \u00e9poca \u00abVolvamos a la tierra\u00bb que caracteriz\u00f3 campa\u00f1a electoral del expresidente Luis Alberto Monge \u00c1lvarez (qdDg) El aspirante presidencial del Partido Nueva Generaci\u00f3n, Fernando Zamora afirma que los importadores de granos b\u00e1sicos tal es el caso del arroz y los frijoles [&hellip;]<\/p>\n","protected":false},"author":4,"featured_media":1685,"comment_status":"open","ping_status":"open","sticky":false,"template":"","format":"standard","meta":{"_jetpack_memberships_contains_paid_content":false,"footnotes":""},"categories":[100,93,97,92],"tags":[484,481,291,480,326,485],"class_list":["post-1684","post","type-post","status-publish","format-standard","has-post-thumbnail","hentry","category-mando","category-destacados","category-politica","category-protagonistas","tag-acuerdo-transpacifico","tag-agricultura","tag-elecciones-2026","tag-fernando-zamora","tag-nueva-generacion","tag-ruta-del-arroz"],"yoast_head":"<!-- This site is optimized with the Yoast SEO plugin v27.4 - https:\/\/yoast.com\/product\/yoast-seo-wordpress\/ -->\n<title>Fernando Zamora: &quot;Precios de granos b\u00e1sicos bajaron para campa\u00f1a electoral&quot;<\/title>\n<meta name=\"description\" content=\"Aspirante presidencial reconoce a\u00f1orar \u00e9poca &quot;Volvamos a la tierra&quot; que caracteriz\u00f3 campa\u00f1a electoral del expresidente Luis Alberto Monge \u00c1lvarez (qdDg)\" \/>\n<meta name=\"robots\" content=\"noindex, follow, max-snippet:-1, max-image-preview:large, max-video-preview:-1\" \/>\n<meta property=\"og:locale\" content=\"es_ES\" \/>\n<meta property=\"og:type\" content=\"article\" \/>\n<meta property=\"og:title\" content=\"Fernando Zamora: &quot;Precios de granos b\u00e1sicos bajaron para campa\u00f1a electoral&quot;\" \/>\n<meta property=\"og:description\" content=\"Aspirante presidencial reconoce a\u00f1orar \u00e9poca &quot;Volvamos a la tierra&quot; que caracteriz\u00f3 campa\u00f1a electoral del expresidente Luis Alberto Monge \u00c1lvarez (qdDg)\" \/>\n<meta property=\"og:url\" content=\"https:\/\/lareaccioncr.com\/2026\/2026\/01\/12\/fernando-zamora-precios-de-granos-basicos-bajaron-para-campana-electoral\/\" \/>\n<meta property=\"og:site_name\" content=\"La Reacci\u00f3n | Costa Rica\" \/>\n<meta property=\"article:published_time\" content=\"2026-01-12T19:11:47+00:00\" \/>\n<meta property=\"article:modified_time\" content=\"2026-01-12T19:11:48+00:00\" \/>\n<meta property=\"og:image\" content=\"https:\/\/lareaccioncr.com\/2026\/wp-content\/uploads\/2026\/01\/Fernando-Zamora-Inteligencia-Electoral.jpg\" \/>\n\t<meta property=\"og:image:width\" content=\"836\" \/>\n\t<meta property=\"og:image:height\" content=\"664\" \/>\n\t<meta property=\"og:image:type\" content=\"image\/jpeg\" \/>\n<meta name=\"author\" content=\"Alfonso Jos\u00e9 Hern\u00e1ndez Castro\" \/>\n<meta name=\"twitter:card\" content=\"summary_large_image\" \/>\n<meta name=\"twitter:title\" content=\"Fernando Zamora: &quot;Precios de granos b\u00e1sicos bajaron para campa\u00f1a electoral&quot;\" \/>\n<meta name=\"twitter:description\" content=\"Aspirante presidencial reconoce a\u00f1orar \u00e9poca &quot;Volvamos a la tierra&quot; que caracteriz\u00f3 campa\u00f1a electoral del expresidente Luis Alberto Monge \u00c1lvarez (qdDg)\" \/>\n<meta name=\"twitter:image\" content=\"https:\/\/lareaccioncr.com\/2026\/wp-content\/uploads\/2026\/01\/Fernando-Zamora-Inteligencia-Electoral.jpg\" \/>\n<meta name=\"twitter:label1\" content=\"Escrito por\" \/>\n\t<meta name=\"twitter:data1\" content=\"Alfonso Jos\u00e9 Hern\u00e1ndez Castro\" \/>\n\t<meta name=\"twitter:label2\" content=\"Tiempo de lectura\" \/>\n\t<meta name=\"twitter:data2\" content=\"3 minutos\" \/>\n<script type=\"application\/ld+json\" class=\"yoast-schema-graph\">{\"@context\":\"https:\\\/\\\/schema.org\",\"@graph\":[{\"@type\":\"Article\",\"@id\":\"https:\\\/\\\/lareaccioncr.com\\\/2026\\\/2026\\\/01\\\/12\\\/fernando-zamora-precios-de-granos-basicos-bajaron-para-campana-electoral\\\/#article\",\"isPartOf\":{\"@id\":\"https:\\\/\\\/lareaccioncr.com\\\/2026\\\/2026\\\/01\\\/12\\\/fernando-zamora-precios-de-granos-basicos-bajaron-para-campana-electoral\\\/\"},\"author\":{\"name\":\"Alfonso Jos\u00e9 Hern\u00e1ndez Castro\",\"@id\":\"https:\\\/\\\/lareaccioncr.com\\\/2026\\\/#\\\/schema\\\/person\\\/cbc393ee5be279664c8920588eec9b9b\"},\"headline\":\"Fernando Zamora: \u00abPrecios de granos b\u00e1sicos bajaron para campa\u00f1a electoral\u00bb\",\"datePublished\":\"2026-01-12T19:11:47+00:00\",\"dateModified\":\"2026-01-12T19:11:48+00:00\",\"mainEntityOfPage\":{\"@id\":\"https:\\\/\\\/lareaccioncr.com\\\/2026\\\/2026\\\/01\\\/12\\\/fernando-zamora-precios-de-granos-basicos-bajaron-para-campana-electoral\\\/\"},\"wordCount\":645,\"commentCount\":0,\"publisher\":{\"@id\":\"https:\\\/\\\/lareaccioncr.com\\\/2026\\\/#organization\"},\"image\":{\"@id\":\"https:\\\/\\\/lareaccioncr.com\\\/2026\\\/2026\\\/01\\\/12\\\/fernando-zamora-precios-de-granos-basicos-bajaron-para-campana-electoral\\\/#primaryimage\"},\"thumbnailUrl\":\"https:\\\/\\\/lareaccioncr.com\\\/2026\\\/wp-content\\\/uploads\\\/2026\\\/01\\\/Fernando-Zamora-Inteligencia-Electoral.jpg\",\"keywords\":[\"Acuerdo Transpac\u00edfico\",\"agricultura\",\"elecciones 2026\",\"Fernando Zamora\",\"Nueva Generaci\u00f3n\",\"Ruta del Arroz\"],\"articleSection\":[\"Cambio de Mando\",\"Destacados\",\"Pol\u00edtica\",\"Protagonistas\"],\"inLanguage\":\"es\",\"potentialAction\":[{\"@type\":\"CommentAction\",\"name\":\"Comment\",\"target\":[\"https:\\\/\\\/lareaccioncr.com\\\/2026\\\/2026\\\/01\\\/12\\\/fernando-zamora-precios-de-granos-basicos-bajaron-para-campana-electoral\\\/#respond\"]}]},{\"@type\":\"WebPage\",\"@id\":\"https:\\\/\\\/lareaccioncr.com\\\/2026\\\/2026\\\/01\\\/12\\\/fernando-zamora-precios-de-granos-basicos-bajaron-para-campana-electoral\\\/\",\"url\":\"https:\\\/\\\/lareaccioncr.com\\\/2026\\\/2026\\\/01\\\/12\\\/fernando-zamora-precios-de-granos-basicos-bajaron-para-campana-electoral\\\/\",\"name\":\"Fernando Zamora: \\\"Precios de granos b\u00e1sicos bajaron para campa\u00f1a electoral\\\"\",\"isPartOf\":{\"@id\":\"https:\\\/\\\/lareaccioncr.com\\\/2026\\\/#website\"},\"primaryImageOfPage\":{\"@id\":\"https:\\\/\\\/lareaccioncr.com\\\/2026\\\/2026\\\/01\\\/12\\\/fernando-zamora-precios-de-granos-basicos-bajaron-para-campana-electoral\\\/#primaryimage\"},\"image\":{\"@id\":\"https:\\\/\\\/lareaccioncr.com\\\/2026\\\/2026\\\/01\\\/12\\\/fernando-zamora-precios-de-granos-basicos-bajaron-para-campana-electoral\\\/#primaryimage\"},\"thumbnailUrl\":\"https:\\\/\\\/lareaccioncr.com\\\/2026\\\/wp-content\\\/uploads\\\/2026\\\/01\\\/Fernando-Zamora-Inteligencia-Electoral.jpg\",\"datePublished\":\"2026-01-12T19:11:47+00:00\",\"dateModified\":\"2026-01-12T19:11:48+00:00\",\"description\":\"Aspirante presidencial reconoce a\u00f1orar \u00e9poca \\\"Volvamos a la tierra\\\" que caracteriz\u00f3 campa\u00f1a electoral del expresidente Luis Alberto Monge \u00c1lvarez (qdDg)\",\"breadcrumb\":{\"@id\":\"https:\\\/\\\/lareaccioncr.com\\\/2026\\\/2026\\\/01\\\/12\\\/fernando-zamora-precios-de-granos-basicos-bajaron-para-campana-electoral\\\/#breadcrumb\"},\"inLanguage\":\"es\",\"potentialAction\":[{\"@type\":\"ReadAction\",\"target\":[\"https:\\\/\\\/lareaccioncr.com\\\/2026\\\/2026\\\/01\\\/12\\\/fernando-zamora-precios-de-granos-basicos-bajaron-para-campana-electoral\\\/\"]}]},{\"@type\":\"ImageObject\",\"inLanguage\":\"es\",\"@id\":\"https:\\\/\\\/lareaccioncr.com\\\/2026\\\/2026\\\/01\\\/12\\\/fernando-zamora-precios-de-granos-basicos-bajaron-para-campana-electoral\\\/#primaryimage\",\"url\":\"https:\\\/\\\/lareaccioncr.com\\\/2026\\\/wp-content\\\/uploads\\\/2026\\\/01\\\/Fernando-Zamora-Inteligencia-Electoral.jpg\",\"contentUrl\":\"https:\\\/\\\/lareaccioncr.com\\\/2026\\\/wp-content\\\/uploads\\\/2026\\\/01\\\/Fernando-Zamora-Inteligencia-Electoral.jpg\",\"width\":836,\"height\":664},{\"@type\":\"BreadcrumbList\",\"@id\":\"https:\\\/\\\/lareaccioncr.com\\\/2026\\\/2026\\\/01\\\/12\\\/fernando-zamora-precios-de-granos-basicos-bajaron-para-campana-electoral\\\/#breadcrumb\",\"itemListElement\":[{\"@type\":\"ListItem\",\"position\":1,\"name\":\"Portada\",\"item\":\"https:\\\/\\\/lareaccioncr.com\\\/2026\\\/\"},{\"@type\":\"ListItem\",\"position\":2,\"name\":\"Fernando Zamora: \u00abPrecios de granos b\u00e1sicos bajaron para campa\u00f1a electoral\u00bb\"}]},{\"@type\":\"WebSite\",\"@id\":\"https:\\\/\\\/lareaccioncr.com\\\/2026\\\/#website\",\"url\":\"https:\\\/\\\/lareaccioncr.com\\\/2026\\\/\",\"name\":\"La Reacci\u00f3n | Costa Rica\",\"description\":\"Medio digital costarricense\",\"publisher\":{\"@id\":\"https:\\\/\\\/lareaccioncr.com\\\/2026\\\/#organization\"},\"potentialAction\":[{\"@type\":\"SearchAction\",\"target\":{\"@type\":\"EntryPoint\",\"urlTemplate\":\"https:\\\/\\\/lareaccioncr.com\\\/2026\\\/?s={search_term_string}\"},\"query-input\":{\"@type\":\"PropertyValueSpecification\",\"valueRequired\":true,\"valueName\":\"search_term_string\"}}],\"inLanguage\":\"es\"},{\"@type\":\"Organization\",\"@id\":\"https:\\\/\\\/lareaccioncr.com\\\/2026\\\/#organization\",\"name\":\"La Reacci\u00f3n | Costa Rica\",\"url\":\"https:\\\/\\\/lareaccioncr.com\\\/2026\\\/\",\"logo\":{\"@type\":\"ImageObject\",\"inLanguage\":\"es\",\"@id\":\"https:\\\/\\\/lareaccioncr.com\\\/2026\\\/#\\\/schema\\\/logo\\\/image\\\/\",\"url\":\"https:\\\/\\\/lareaccioncr.com\\\/2026\\\/wp-content\\\/uploads\\\/2024\\\/08\\\/logo_screenshot.png\",\"contentUrl\":\"https:\\\/\\\/lareaccioncr.com\\\/2026\\\/wp-content\\\/uploads\\\/2024\\\/08\\\/logo_screenshot.png\",\"width\":514,\"height\":156,\"caption\":\"La Reacci\u00f3n | Costa Rica\"},\"image\":{\"@id\":\"https:\\\/\\\/lareaccioncr.com\\\/2026\\\/#\\\/schema\\\/logo\\\/image\\\/\"}},{\"@type\":\"Person\",\"@id\":\"https:\\\/\\\/lareaccioncr.com\\\/2026\\\/#\\\/schema\\\/person\\\/cbc393ee5be279664c8920588eec9b9b\",\"name\":\"Alfonso Jos\u00e9 Hern\u00e1ndez Castro\",\"image\":{\"@type\":\"ImageObject\",\"inLanguage\":\"es\",\"@id\":\"https:\\\/\\\/secure.gravatar.com\\\/avatar\\\/4f3a3521cd0b10e0c13e43f20522b954c13a8104f068bd2715f70290a3fe456a?s=96&d=mm&r=g\",\"url\":\"https:\\\/\\\/secure.gravatar.com\\\/avatar\\\/4f3a3521cd0b10e0c13e43f20522b954c13a8104f068bd2715f70290a3fe456a?s=96&d=mm&r=g\",\"contentUrl\":\"https:\\\/\\\/secure.gravatar.com\\\/avatar\\\/4f3a3521cd0b10e0c13e43f20522b954c13a8104f068bd2715f70290a3fe456a?s=96&d=mm&r=g\",\"caption\":\"Alfonso Jos\u00e9 Hern\u00e1ndez Castro\"},\"sameAs\":[\"https:\\\/\\\/lareaccioncr.com\\\/2026\"],\"url\":\"https:\\\/\\\/lareaccioncr.com\\\/2026\\\/author\\\/alfoherca\\\/\"}]}<\/script>\n<!-- \/ Yoast SEO plugin. -->","yoast_head_json":{"title":"Fernando Zamora: \"Precios de granos b\u00e1sicos bajaron para campa\u00f1a electoral\"","description":"Aspirante presidencial reconoce a\u00f1orar \u00e9poca \"Volvamos a la tierra\" que caracteriz\u00f3 campa\u00f1a electoral del expresidente Luis Alberto Monge \u00c1lvarez (qdDg)","robots":{"index":"noindex","follow":"follow","max-snippet":"max-snippet:-1","max-image-preview":"max-image-preview:large","max-video-preview":"max-video-preview:-1"},"og_locale":"es_ES","og_type":"article","og_title":"Fernando Zamora: \"Precios de granos b\u00e1sicos bajaron para campa\u00f1a electoral\"","og_description":"Aspirante presidencial reconoce a\u00f1orar \u00e9poca \"Volvamos a la tierra\" que caracteriz\u00f3 campa\u00f1a electoral del expresidente Luis Alberto Monge \u00c1lvarez (qdDg)","og_url":"https:\/\/lareaccioncr.com\/2026\/2026\/01\/12\/fernando-zamora-precios-de-granos-basicos-bajaron-para-campana-electoral\/","og_site_name":"La Reacci\u00f3n | Costa Rica","article_published_time":"2026-01-12T19:11:47+00:00","article_modified_time":"2026-01-12T19:11:48+00:00","og_image":[{"width":836,"height":664,"url":"https:\/\/lareaccioncr.com\/2026\/wp-content\/uploads\/2026\/01\/Fernando-Zamora-Inteligencia-Electoral.jpg","type":"image\/jpeg"}],"author":"Alfonso Jos\u00e9 Hern\u00e1ndez Castro","twitter_card":"summary_large_image","twitter_title":"Fernando Zamora: \"Precios de granos b\u00e1sicos bajaron para campa\u00f1a electoral\"","twitter_description":"Aspirante presidencial reconoce a\u00f1orar \u00e9poca \"Volvamos a la tierra\" que caracteriz\u00f3 campa\u00f1a electoral del expresidente Luis Alberto Monge \u00c1lvarez (qdDg)","twitter_image":"https:\/\/lareaccioncr.com\/2026\/wp-content\/uploads\/2026\/01\/Fernando-Zamora-Inteligencia-Electoral.jpg","twitter_misc":{"Escrito por":"Alfonso Jos\u00e9 Hern\u00e1ndez Castro","Tiempo de lectura":"3 minutos"},"schema":{"@context":"https:\/\/schema.org","@graph":[{"@type":"Article","@id":"https:\/\/lareaccioncr.com\/2026\/2026\/01\/12\/fernando-zamora-precios-de-granos-basicos-bajaron-para-campana-electoral\/#article","isPartOf":{"@id":"https:\/\/lareaccioncr.com\/2026\/2026\/01\/12\/fernando-zamora-precios-de-granos-basicos-bajaron-para-campana-electoral\/"},"author":{"name":"Alfonso Jos\u00e9 Hern\u00e1ndez Castro","@id":"https:\/\/lareaccioncr.com\/2026\/#\/schema\/person\/cbc393ee5be279664c8920588eec9b9b"},"headline":"Fernando Zamora: \u00abPrecios de granos b\u00e1sicos bajaron para campa\u00f1a electoral\u00bb","datePublished":"2026-01-12T19:11:47+00:00","dateModified":"2026-01-12T19:11:48+00:00","mainEntityOfPage":{"@id":"https:\/\/lareaccioncr.com\/2026\/2026\/01\/12\/fernando-zamora-precios-de-granos-basicos-bajaron-para-campana-electoral\/"},"wordCount":645,"commentCount":0,"publisher":{"@id":"https:\/\/lareaccioncr.com\/2026\/#organization"},"image":{"@id":"https:\/\/lareaccioncr.com\/2026\/2026\/01\/12\/fernando-zamora-precios-de-granos-basicos-bajaron-para-campana-electoral\/#primaryimage"},"thumbnailUrl":"https:\/\/lareaccioncr.com\/2026\/wp-content\/uploads\/2026\/01\/Fernando-Zamora-Inteligencia-Electoral.jpg","keywords":["Acuerdo Transpac\u00edfico","agricultura","elecciones 2026","Fernando Zamora","Nueva Generaci\u00f3n","Ruta del Arroz"],"articleSection":["Cambio de Mando","Destacados","Pol\u00edtica","Protagonistas"],"inLanguage":"es","potentialAction":[{"@type":"CommentAction","name":"Comment","target":["https:\/\/lareaccioncr.com\/2026\/2026\/01\/12\/fernando-zamora-precios-de-granos-basicos-bajaron-para-campana-electoral\/#respond"]}]},{"@type":"WebPage","@id":"https:\/\/lareaccioncr.com\/2026\/2026\/01\/12\/fernando-zamora-precios-de-granos-basicos-bajaron-para-campana-electoral\/","url":"https:\/\/lareaccioncr.com\/2026\/2026\/01\/12\/fernando-zamora-precios-de-granos-basicos-bajaron-para-campana-electoral\/","name":"Fernando Zamora: \"Precios de granos b\u00e1sicos bajaron para campa\u00f1a electoral\"","isPartOf":{"@id":"https:\/\/lareaccioncr.com\/2026\/#website"},"primaryImageOfPage":{"@id":"https:\/\/lareaccioncr.com\/2026\/2026\/01\/12\/fernando-zamora-precios-de-granos-basicos-bajaron-para-campana-electoral\/#primaryimage"},"image":{"@id":"https:\/\/lareaccioncr.com\/2026\/2026\/01\/12\/fernando-zamora-precios-de-granos-basicos-bajaron-para-campana-electoral\/#primaryimage"},"thumbnailUrl":"https:\/\/lareaccioncr.com\/2026\/wp-content\/uploads\/2026\/01\/Fernando-Zamora-Inteligencia-Electoral.jpg","datePublished":"2026-01-12T19:11:47+00:00","dateModified":"2026-01-12T19:11:48+00:00","description":"Aspirante presidencial reconoce a\u00f1orar \u00e9poca \"Volvamos a la tierra\" que caracteriz\u00f3 campa\u00f1a electoral del expresidente Luis Alberto Monge \u00c1lvarez (qdDg)","breadcrumb":{"@id":"https:\/\/lareaccioncr.com\/2026\/2026\/01\/12\/fernando-zamora-precios-de-granos-basicos-bajaron-para-campana-electoral\/#breadcrumb"},"inLanguage":"es","potentialAction":[{"@type":"ReadAction","target":["https:\/\/lareaccioncr.com\/2026\/2026\/01\/12\/fernando-zamora-precios-de-granos-basicos-bajaron-para-campana-electoral\/"]}]},{"@type":"ImageObject","inLanguage":"es","@id":"https:\/\/lareaccioncr.com\/2026\/2026\/01\/12\/fernando-zamora-precios-de-granos-basicos-bajaron-para-campana-electoral\/#primaryimage","url":"https:\/\/lareaccioncr.com\/2026\/wp-content\/uploads\/2026\/01\/Fernando-Zamora-Inteligencia-Electoral.jpg","contentUrl":"https:\/\/lareaccioncr.com\/2026\/wp-content\/uploads\/2026\/01\/Fernando-Zamora-Inteligencia-Electoral.jpg","width":836,"height":664},{"@type":"BreadcrumbList","@id":"https:\/\/lareaccioncr.com\/2026\/2026\/01\/12\/fernando-zamora-precios-de-granos-basicos-bajaron-para-campana-electoral\/#breadcrumb","itemListElement":[{"@type":"ListItem","position":1,"name":"Portada","item":"https:\/\/lareaccioncr.com\/2026\/"},{"@type":"ListItem","position":2,"name":"Fernando Zamora: \u00abPrecios de granos b\u00e1sicos bajaron para campa\u00f1a electoral\u00bb"}]},{"@type":"WebSite","@id":"https:\/\/lareaccioncr.com\/2026\/#website","url":"https:\/\/lareaccioncr.com\/2026\/","name":"La Reacci\u00f3n | Costa Rica","description":"Medio digital costarricense","publisher":{"@id":"https:\/\/lareaccioncr.com\/2026\/#organization"},"potentialAction":[{"@type":"SearchAction","target":{"@type":"EntryPoint","urlTemplate":"https:\/\/lareaccioncr.com\/2026\/?s={search_term_string}"},"query-input":{"@type":"PropertyValueSpecification","valueRequired":true,"valueName":"search_term_string"}}],"inLanguage":"es"},{"@type":"Organization","@id":"https:\/\/lareaccioncr.com\/2026\/#organization","name":"La Reacci\u00f3n | Costa Rica","url":"https:\/\/lareaccioncr.com\/2026\/","logo":{"@type":"ImageObject","inLanguage":"es","@id":"https:\/\/lareaccioncr.com\/2026\/#\/schema\/logo\/image\/","url":"https:\/\/lareaccioncr.com\/2026\/wp-content\/uploads\/2024\/08\/logo_screenshot.png","contentUrl":"https:\/\/lareaccioncr.com\/2026\/wp-content\/uploads\/2024\/08\/logo_screenshot.png","width":514,"height":156,"caption":"La Reacci\u00f3n | Costa Rica"},"image":{"@id":"https:\/\/lareaccioncr.com\/2026\/#\/schema\/logo\/image\/"}},{"@type":"Person","@id":"https:\/\/lareaccioncr.com\/2026\/#\/schema\/person\/cbc393ee5be279664c8920588eec9b9b","name":"Alfonso Jos\u00e9 Hern\u00e1ndez Castro","image":{"@type":"ImageObject","inLanguage":"es","@id":"https:\/\/secure.gravatar.com\/avatar\/4f3a3521cd0b10e0c13e43f20522b954c13a8104f068bd2715f70290a3fe456a?s=96&d=mm&r=g","url":"https:\/\/secure.gravatar.com\/avatar\/4f3a3521cd0b10e0c13e43f20522b954c13a8104f068bd2715f70290a3fe456a?s=96&d=mm&r=g","contentUrl":"https:\/\/secure.gravatar.com\/avatar\/4f3a3521cd0b10e0c13e43f20522b954c13a8104f068bd2715f70290a3fe456a?s=96&d=mm&r=g","caption":"Alfonso Jos\u00e9 Hern\u00e1ndez Castro"},"sameAs":["https:\/\/lareaccioncr.com\/2026"],"url":"https:\/\/lareaccioncr.com\/2026\/author\/alfoherca\/"}]}},"jetpack_featured_media_url":"https:\/\/lareaccioncr.com\/2026\/wp-content\/uploads\/2026\/01\/Fernando-Zamora-Inteligencia-Electoral.jpg","jetpack_sharing_enabled":true,"_links":{"self":[{"href":"https:\/\/lareaccioncr.com\/2026\/wp-json\/wp\/v2\/posts\/1684","targetHints":{"allow":["GET"]}}],"collection":[{"href":"https:\/\/lareaccioncr.com\/2026\/wp-json\/wp\/v2\/posts"}],"about":[{"href":"https:\/\/lareaccioncr.com\/2026\/wp-json\/wp\/v2\/types\/post"}],"author":[{"embeddable":true,"href":"https:\/\/lareaccioncr.com\/2026\/wp-json\/wp\/v2\/users\/4"}],"replies":[{"embeddable":true,"href":"https:\/\/lareaccioncr.com\/2026\/wp-json\/wp\/v2\/comments?post=1684"}],"version-history":[{"count":1,"href":"https:\/\/lareaccioncr.com\/2026\/wp-json\/wp\/v2\/posts\/1684\/revisions"}],"predecessor-version":[{"id":1686,"href":"https:\/\/lareaccioncr.com\/2026\/wp-json\/wp\/v2\/posts\/1684\/revisions\/1686"}],"wp:featuredmedia":[{"embeddable":true,"href":"https:\/\/lareaccioncr.com\/2026\/wp-json\/wp\/v2\/media\/1685"}],"wp:attachment":[{"href":"https:\/\/lareaccioncr.com\/2026\/wp-json\/wp\/v2\/media?parent=1684"}],"wp:term":[{"taxonomy":"category","embeddable":true,"href":"https:\/\/lareaccioncr.com\/2026\/wp-json\/wp\/v2\/categories?post=1684"},{"taxonomy":"post_tag","embeddable":true,"href":"https:\/\/lareaccioncr.com\/2026\/wp-json\/wp\/v2\/tags?post=1684"}],"curies":[{"name":"wp","href":"https:\/\/api.w.org\/{rel}","templated":true}]}}