{"id":1796,"date":"2026-03-17T11:12:44","date_gmt":"2026-03-17T17:12:44","guid":{"rendered":"https:\/\/lareaccioncr.com\/2026\/?p=1796"},"modified":"2026-03-17T11:44:49","modified_gmt":"2026-03-17T17:44:49","slug":"laura-fernadez-recibio-las-credenciales-presidenciales","status":"publish","type":"post","link":"https:\/\/lareaccioncr.com\/2026\/2026\/03\/17\/laura-fernadez-recibio-las-credenciales-presidenciales\/","title":{"rendered":"Laura Fernad\u00e9z recibi\u00f3 las credenciales presidenciales"},"content":{"rendered":"\n<p>Laura Fernand\u00e9z recibi\u00f3 este martes la certificaci\u00f3n que la acredita oficialmente ante el Tribunal Supremo de Elecciones como presidenta electa. La futura mandataria fue acompa\u00f1ada por sus vicepresidentes; Francisco Gamboa y Douglas Soto.<\/p>\n\n\n\n<p>Adem\u00e1s, algunos diputados electos como Marta Esquivel, Ana Miuller, Juan Manuel Quesada, Antonio Barzuna, Nogu\u00ed Acosta, entre otros.<\/p>\n\n\n\n<p>El acto inici\u00f3 las 11:00 a.m. con la entonaci\u00f3n del Himno Nacional de Costa Rica, para posteriormente escuchar las palabras de la magistrada presidenta del TSE Mar\u00eda Eugenia Zamora, quien destac\u00f3 que con este acto se finaliza con el proceso electoral.<\/p>\n\n\n\n<blockquote class=\"wp-block-quote is-layout-flow wp-block-quote-is-layout-flow\">\n<p>\u201cCon esta ceremonia decimos misi\u00f3n cumplida y cumplida con los m\u00e1s altos est\u00e1ndares internacionales como se merecen las ciudadanas y los ciudadanos. Qu\u00e9 es junto con Canada y Uruguay es una de las 3 democracias plenas de nuestro continente\u201d destac\u00f3 Zamora.<\/p>\n<\/blockquote>\n\n\n\n<p>Posterior a esto junto con los otros magistrados entreg\u00f3 el documento oficial que la acredita como mandataria.<\/p>\n\n\n\n<figure class=\"wp-block-image size-large is-resized\"><img loading=\"lazy\" decoding=\"async\" width=\"405\" height=\"720\" src=\"https:\/\/lareaccioncr.com\/2026\/wp-content\/uploads\/2026\/03\/WhatsApp-Image-2026-03-17-at-10.57.46-AM-405x720.jpeg\" alt=\"\" class=\"wp-image-1797\" style=\"width:387px;height:auto\" srcset=\"https:\/\/lareaccioncr.com\/2026\/wp-content\/uploads\/2026\/03\/WhatsApp-Image-2026-03-17-at-10.57.46-AM-405x720.jpeg 405w, https:\/\/lareaccioncr.com\/2026\/wp-content\/uploads\/2026\/03\/WhatsApp-Image-2026-03-17-at-10.57.46-AM-169x300.jpeg 169w, https:\/\/lareaccioncr.com\/2026\/wp-content\/uploads\/2026\/03\/WhatsApp-Image-2026-03-17-at-10.57.46-AM.jpeg 720w\" sizes=\"auto, (max-width: 405px) 100vw, 405px\" \/><\/figure>\n\n\n\n<p>Posterior  a la entrega de las credenciales, la  pr\u00f3xima mandataria dio una serie de agradecimientos, pero adem\u00e1s se\u00f1al\u00f3 que renunciaron al 58% de la deuda pol\u00edtica,<\/p>\n\n\n\n<blockquote class=\"wp-block-quote is-layout-flow wp-block-quote-is-layout-flow\">\n<p>\u00abAl inicio de mi campa\u00f1a anunciamos que renunciariamos a un minimo del 25% de la deuda pol\u00edtica. Porque creemos que la pol\u00edtica no es un negocio sino para servirle al pa\u00eds,  decidimos no utulizar cerca de 11mil millones de colones, lo que es cerca del 58% de la deuda\u00bb a\u00f1adi\u00f3.<\/p>\n<\/blockquote>\n\n\n\n<p>Otro de los temas  a los que hizo referencia la presidenta electa fue sobre el crimen organizado,  donde envi\u00f3 un contundente mensaje.<\/p>\n\n\n\n<blockquote class=\"wp-block-quote is-layout-flow wp-block-quote-is-layout-flow\">\n<p>\u00abHoy quiero dar un mensaje claro, directo y frontal al crimen organizado y al narcotr\u00e1fico, hoy nosotros no los queremos en Costa Rica, no vamos a permitir que sigan causando dolor a nuestra gente, ni voy a consentir que perdamos la paz en nuestra tierra\u00bb enfatiz\u00f3.<\/p>\n<\/blockquote>\n\n\n\n<h2 class=\"wp-block-heading\"><strong>Renuncia a su partido<\/strong><\/h2>\n\n\n\n<p>Debemos recordar que la semana anterior Fern\u00e1ndez present\u00f3 su renuncia al partido Pueblo Soberano, alegando que seg\u00fan la constituci\u00f3n pol\u00edtica la presidenta no puede tener militancia pol\u00edtica.<\/p>\n\n\n\n<figure class=\"wp-block-embed is-type-video is-provider-youtube wp-block-embed-youtube wp-embed-aspect-16-9 wp-has-aspect-ratio\"><div class=\"wp-block-embed__wrapper\">\n<iframe loading=\"lazy\" title=\"TSE: Laura Fern\u00e1ndez recibe sus credenciales como presidenta de la electa\" width=\"800\" height=\"450\" src=\"https:\/\/www.youtube.com\/embed\/imprsHtQnKc?feature=oembed\" frameborder=\"0\" allow=\"accelerometer; autoplay; clipboard-write; encrypted-media; gyroscope; picture-in-picture; web-share\" referrerpolicy=\"strict-origin-when-cross-origin\" allowfullscreen><\/iframe>\n<\/div><\/figure>\n","protected":false},"excerpt":{"rendered":"<p>Laura Fernand\u00e9z recibi\u00f3 este martes la certificaci\u00f3n que la acredita oficialmente ante el Tribunal Supremo de Elecciones como presidenta electa.<\/p>\n","protected":false},"author":3,"featured_media":0,"comment_status":"open","ping_status":"open","sticky":false,"template":"","format":"standard","meta":{"colormag_page_container_layout":"default_layout","colormag_page_sidebar_layout":"default_layout","_jetpack_memberships_contains_paid_content":false,"footnotes":""},"categories":[100,97],"tags":[529,530,282],"class_list":["post-1796","post","type-post","status-publish","format-standard","hentry","category-mando","category-politica","tag-entrega-de-credenciales","tag-gobierno-laura-fernandez","tag-tse"],"yoast_head":"<!-- This site is optimized with the Yoast SEO plugin v27.5 - https:\/\/yoast.com\/product\/yoast-seo-wordpress\/ -->\n<title>Laura Fernad\u00e9z recibi\u00f3 las credenciales presidenciales - La Reacci\u00f3n | Costa Rica<\/title>\n<meta name=\"description\" content=\"Acto se realiz\u00f3 en el auditorio del Tribunal Supremo de elecciones.\" \/>\n<meta name=\"robots\" content=\"noindex, follow, max-snippet:-1, max-image-preview:large, max-video-preview:-1\" \/>\n<meta property=\"og:locale\" content=\"es_ES\" \/>\n<meta property=\"og:type\" content=\"article\" \/>\n<meta property=\"og:title\" content=\"Laura Fernad\u00e9z recibi\u00f3 las credenciales presidenciales - La Reacci\u00f3n | Costa Rica\" \/>\n<meta property=\"og:description\" content=\"Acto se realiz\u00f3 en el auditorio del Tribunal Supremo de elecciones.\" \/>\n<meta property=\"og:url\" content=\"https:\/\/lareaccioncr.com\/2026\/2026\/03\/17\/laura-fernadez-recibio-las-credenciales-presidenciales\/\" \/>\n<meta property=\"og:site_name\" content=\"La Reacci\u00f3n | Costa Rica\" \/>\n<meta property=\"article:published_time\" content=\"2026-03-17T17:12:44+00:00\" \/>\n<meta property=\"article:modified_time\" content=\"2026-03-17T17:44:49+00:00\" \/>\n<meta property=\"og:image\" content=\"https:\/\/lareaccioncr.com\/2026\/wp-content\/uploads\/2026\/03\/WhatsApp-Image-2026-03-17-at-10.57.46-AM.jpeg\" \/>\n\t<meta property=\"og:image:width\" content=\"720\" \/>\n\t<meta property=\"og:image:height\" content=\"1280\" \/>\n\t<meta property=\"og:image:type\" content=\"image\/jpeg\" \/>\n<meta name=\"author\" content=\"Andr\u00e9s Ulloa Montero\" \/>\n<meta name=\"twitter:card\" content=\"summary_large_image\" \/>\n<meta name=\"twitter:label1\" content=\"Escrito por\" \/>\n\t<meta name=\"twitter:data1\" content=\"Andr\u00e9s Ulloa Montero\" \/>\n\t<meta name=\"twitter:label2\" content=\"Tiempo de lectura\" \/>\n\t<meta name=\"twitter:data2\" content=\"2 minutos\" \/>\n<script type=\"application\/ld+json\" class=\"yoast-schema-graph\">{\"@context\":\"https:\\\/\\\/schema.org\",\"@graph\":[{\"@type\":\"Article\",\"@id\":\"https:\\\/\\\/lareaccioncr.com\\\/2026\\\/2026\\\/03\\\/17\\\/laura-fernadez-recibio-las-credenciales-presidenciales\\\/#article\",\"isPartOf\":{\"@id\":\"https:\\\/\\\/lareaccioncr.com\\\/2026\\\/2026\\\/03\\\/17\\\/laura-fernadez-recibio-las-credenciales-presidenciales\\\/\"},\"author\":{\"name\":\"Andr\u00e9s Ulloa Montero\",\"@id\":\"https:\\\/\\\/lareaccioncr.com\\\/2026\\\/#\\\/schema\\\/person\\\/dc4abc0bf3b02ac5844384ffa0e88c4c\"},\"headline\":\"Laura Fernad\u00e9z recibi\u00f3 las credenciales presidenciales\",\"datePublished\":\"2026-03-17T17:12:44+00:00\",\"dateModified\":\"2026-03-17T17:44:49+00:00\",\"mainEntityOfPage\":{\"@id\":\"https:\\\/\\\/lareaccioncr.com\\\/2026\\\/2026\\\/03\\\/17\\\/laura-fernadez-recibio-las-credenciales-presidenciales\\\/\"},\"wordCount\":359,\"commentCount\":0,\"publisher\":{\"@id\":\"https:\\\/\\\/lareaccioncr.com\\\/2026\\\/#organization\"},\"image\":{\"@id\":\"https:\\\/\\\/lareaccioncr.com\\\/2026\\\/2026\\\/03\\\/17\\\/laura-fernadez-recibio-las-credenciales-presidenciales\\\/#primaryimage\"},\"thumbnailUrl\":\"https:\\\/\\\/lareaccioncr.com\\\/2026\\\/wp-content\\\/uploads\\\/2026\\\/03\\\/WhatsApp-Image-2026-03-17-at-10.57.46-AM-405x720.jpeg\",\"keywords\":[\"Entrega de credenciales\",\"Gobierno Laura Fernand\u00e9z\",\"TSE\"],\"articleSection\":[\"Cambio de Mando\",\"Pol\u00edtica\"],\"inLanguage\":\"es\",\"potentialAction\":[{\"@type\":\"CommentAction\",\"name\":\"Comment\",\"target\":[\"https:\\\/\\\/lareaccioncr.com\\\/2026\\\/2026\\\/03\\\/17\\\/laura-fernadez-recibio-las-credenciales-presidenciales\\\/#respond\"]}]},{\"@type\":\"WebPage\",\"@id\":\"https:\\\/\\\/lareaccioncr.com\\\/2026\\\/2026\\\/03\\\/17\\\/laura-fernadez-recibio-las-credenciales-presidenciales\\\/\",\"url\":\"https:\\\/\\\/lareaccioncr.com\\\/2026\\\/2026\\\/03\\\/17\\\/laura-fernadez-recibio-las-credenciales-presidenciales\\\/\",\"name\":\"Laura Fernad\u00e9z recibi\u00f3 las credenciales presidenciales - La Reacci\u00f3n | Costa Rica\",\"isPartOf\":{\"@id\":\"https:\\\/\\\/lareaccioncr.com\\\/2026\\\/#website\"},\"primaryImageOfPage\":{\"@id\":\"https:\\\/\\\/lareaccioncr.com\\\/2026\\\/2026\\\/03\\\/17\\\/laura-fernadez-recibio-las-credenciales-presidenciales\\\/#primaryimage\"},\"image\":{\"@id\":\"https:\\\/\\\/lareaccioncr.com\\\/2026\\\/2026\\\/03\\\/17\\\/laura-fernadez-recibio-las-credenciales-presidenciales\\\/#primaryimage\"},\"thumbnailUrl\":\"https:\\\/\\\/lareaccioncr.com\\\/2026\\\/wp-content\\\/uploads\\\/2026\\\/03\\\/WhatsApp-Image-2026-03-17-at-10.57.46-AM-405x720.jpeg\",\"datePublished\":\"2026-03-17T17:12:44+00:00\",\"dateModified\":\"2026-03-17T17:44:49+00:00\",\"description\":\"Acto se realiz\u00f3 en el auditorio del Tribunal Supremo de elecciones.\",\"breadcrumb\":{\"@id\":\"https:\\\/\\\/lareaccioncr.com\\\/2026\\\/2026\\\/03\\\/17\\\/laura-fernadez-recibio-las-credenciales-presidenciales\\\/#breadcrumb\"},\"inLanguage\":\"es\",\"potentialAction\":[{\"@type\":\"ReadAction\",\"target\":[\"https:\\\/\\\/lareaccioncr.com\\\/2026\\\/2026\\\/03\\\/17\\\/laura-fernadez-recibio-las-credenciales-presidenciales\\\/\"]}]},{\"@type\":\"ImageObject\",\"inLanguage\":\"es\",\"@id\":\"https:\\\/\\\/lareaccioncr.com\\\/2026\\\/2026\\\/03\\\/17\\\/laura-fernadez-recibio-las-credenciales-presidenciales\\\/#primaryimage\",\"url\":\"https:\\\/\\\/lareaccioncr.com\\\/2026\\\/wp-content\\\/uploads\\\/2026\\\/03\\\/WhatsApp-Image-2026-03-17-at-10.57.46-AM.jpeg\",\"contentUrl\":\"https:\\\/\\\/lareaccioncr.com\\\/2026\\\/wp-content\\\/uploads\\\/2026\\\/03\\\/WhatsApp-Image-2026-03-17-at-10.57.46-AM.jpeg\",\"width\":720,\"height\":1280},{\"@type\":\"BreadcrumbList\",\"@id\":\"https:\\\/\\\/lareaccioncr.com\\\/2026\\\/2026\\\/03\\\/17\\\/laura-fernadez-recibio-las-credenciales-presidenciales\\\/#breadcrumb\",\"itemListElement\":[{\"@type\":\"ListItem\",\"position\":1,\"name\":\"Portada\",\"item\":\"https:\\\/\\\/lareaccioncr.com\\\/2026\\\/\"},{\"@type\":\"ListItem\",\"position\":2,\"name\":\"Laura Fernad\u00e9z recibi\u00f3 las credenciales presidenciales\"}]},{\"@type\":\"WebSite\",\"@id\":\"https:\\\/\\\/lareaccioncr.com\\\/2026\\\/#website\",\"url\":\"https:\\\/\\\/lareaccioncr.com\\\/2026\\\/\",\"name\":\"La Reacci\u00f3n | Costa Rica\",\"description\":\"Medio digital costarricense\",\"publisher\":{\"@id\":\"https:\\\/\\\/lareaccioncr.com\\\/2026\\\/#organization\"},\"potentialAction\":[{\"@type\":\"SearchAction\",\"target\":{\"@type\":\"EntryPoint\",\"urlTemplate\":\"https:\\\/\\\/lareaccioncr.com\\\/2026\\\/?s={search_term_string}\"},\"query-input\":{\"@type\":\"PropertyValueSpecification\",\"valueRequired\":true,\"valueName\":\"search_term_string\"}}],\"inLanguage\":\"es\"},{\"@type\":\"Organization\",\"@id\":\"https:\\\/\\\/lareaccioncr.com\\\/2026\\\/#organization\",\"name\":\"La Reacci\u00f3n | Costa Rica\",\"url\":\"https:\\\/\\\/lareaccioncr.com\\\/2026\\\/\",\"logo\":{\"@type\":\"ImageObject\",\"inLanguage\":\"es\",\"@id\":\"https:\\\/\\\/lareaccioncr.com\\\/2026\\\/#\\\/schema\\\/logo\\\/image\\\/\",\"url\":\"https:\\\/\\\/lareaccioncr.com\\\/2026\\\/wp-content\\\/uploads\\\/2024\\\/08\\\/logo_screenshot.png\",\"contentUrl\":\"https:\\\/\\\/lareaccioncr.com\\\/2026\\\/wp-content\\\/uploads\\\/2024\\\/08\\\/logo_screenshot.png\",\"width\":514,\"height\":156,\"caption\":\"La Reacci\u00f3n | Costa Rica\"},\"image\":{\"@id\":\"https:\\\/\\\/lareaccioncr.com\\\/2026\\\/#\\\/schema\\\/logo\\\/image\\\/\"}},{\"@type\":\"Person\",\"@id\":\"https:\\\/\\\/lareaccioncr.com\\\/2026\\\/#\\\/schema\\\/person\\\/dc4abc0bf3b02ac5844384ffa0e88c4c\",\"name\":\"Andr\u00e9s Ulloa Montero\",\"image\":{\"@type\":\"ImageObject\",\"inLanguage\":\"es\",\"@id\":\"https:\\\/\\\/secure.gravatar.com\\\/avatar\\\/95875ec50a879f37755afdecb65812fd5f4537322036e5a6b21650099419ac48?s=96&d=mm&r=g\",\"url\":\"https:\\\/\\\/secure.gravatar.com\\\/avatar\\\/95875ec50a879f37755afdecb65812fd5f4537322036e5a6b21650099419ac48?s=96&d=mm&r=g\",\"contentUrl\":\"https:\\\/\\\/secure.gravatar.com\\\/avatar\\\/95875ec50a879f37755afdecb65812fd5f4537322036e5a6b21650099419ac48?s=96&d=mm&r=g\",\"caption\":\"Andr\u00e9s Ulloa Montero\"},\"sameAs\":[\"https:\\\/\\\/lareaccioncr.com\\\/2026\\\/\"],\"url\":\"https:\\\/\\\/lareaccioncr.com\\\/2026\\\/author\\\/andres-ulloa\\\/\"}]}<\/script>\n<!-- \/ Yoast SEO plugin. -->","yoast_head_json":{"title":"Laura Fernad\u00e9z recibi\u00f3 las credenciales presidenciales - La Reacci\u00f3n | Costa Rica","description":"Acto se realiz\u00f3 en el auditorio del Tribunal Supremo de elecciones.","robots":{"index":"noindex","follow":"follow","max-snippet":"max-snippet:-1","max-image-preview":"max-image-preview:large","max-video-preview":"max-video-preview:-1"},"og_locale":"es_ES","og_type":"article","og_title":"Laura Fernad\u00e9z recibi\u00f3 las credenciales presidenciales - La Reacci\u00f3n | Costa Rica","og_description":"Acto se realiz\u00f3 en el auditorio del Tribunal Supremo de elecciones.","og_url":"https:\/\/lareaccioncr.com\/2026\/2026\/03\/17\/laura-fernadez-recibio-las-credenciales-presidenciales\/","og_site_name":"La Reacci\u00f3n | Costa Rica","article_published_time":"2026-03-17T17:12:44+00:00","article_modified_time":"2026-03-17T17:44:49+00:00","og_image":[{"width":720,"height":1280,"url":"https:\/\/lareaccioncr.com\/2026\/wp-content\/uploads\/2026\/03\/WhatsApp-Image-2026-03-17-at-10.57.46-AM.jpeg","type":"image\/jpeg"}],"author":"Andr\u00e9s Ulloa Montero","twitter_card":"summary_large_image","twitter_misc":{"Escrito por":"Andr\u00e9s Ulloa Montero","Tiempo de lectura":"2 minutos"},"schema":{"@context":"https:\/\/schema.org","@graph":[{"@type":"Article","@id":"https:\/\/lareaccioncr.com\/2026\/2026\/03\/17\/laura-fernadez-recibio-las-credenciales-presidenciales\/#article","isPartOf":{"@id":"https:\/\/lareaccioncr.com\/2026\/2026\/03\/17\/laura-fernadez-recibio-las-credenciales-presidenciales\/"},"author":{"name":"Andr\u00e9s Ulloa Montero","@id":"https:\/\/lareaccioncr.com\/2026\/#\/schema\/person\/dc4abc0bf3b02ac5844384ffa0e88c4c"},"headline":"Laura Fernad\u00e9z recibi\u00f3 las credenciales presidenciales","datePublished":"2026-03-17T17:12:44+00:00","dateModified":"2026-03-17T17:44:49+00:00","mainEntityOfPage":{"@id":"https:\/\/lareaccioncr.com\/2026\/2026\/03\/17\/laura-fernadez-recibio-las-credenciales-presidenciales\/"},"wordCount":359,"commentCount":0,"publisher":{"@id":"https:\/\/lareaccioncr.com\/2026\/#organization"},"image":{"@id":"https:\/\/lareaccioncr.com\/2026\/2026\/03\/17\/laura-fernadez-recibio-las-credenciales-presidenciales\/#primaryimage"},"thumbnailUrl":"https:\/\/lareaccioncr.com\/2026\/wp-content\/uploads\/2026\/03\/WhatsApp-Image-2026-03-17-at-10.57.46-AM-405x720.jpeg","keywords":["Entrega de credenciales","Gobierno Laura Fernand\u00e9z","TSE"],"articleSection":["Cambio de Mando","Pol\u00edtica"],"inLanguage":"es","potentialAction":[{"@type":"CommentAction","name":"Comment","target":["https:\/\/lareaccioncr.com\/2026\/2026\/03\/17\/laura-fernadez-recibio-las-credenciales-presidenciales\/#respond"]}]},{"@type":"WebPage","@id":"https:\/\/lareaccioncr.com\/2026\/2026\/03\/17\/laura-fernadez-recibio-las-credenciales-presidenciales\/","url":"https:\/\/lareaccioncr.com\/2026\/2026\/03\/17\/laura-fernadez-recibio-las-credenciales-presidenciales\/","name":"Laura Fernad\u00e9z recibi\u00f3 las credenciales presidenciales - La Reacci\u00f3n | Costa Rica","isPartOf":{"@id":"https:\/\/lareaccioncr.com\/2026\/#website"},"primaryImageOfPage":{"@id":"https:\/\/lareaccioncr.com\/2026\/2026\/03\/17\/laura-fernadez-recibio-las-credenciales-presidenciales\/#primaryimage"},"image":{"@id":"https:\/\/lareaccioncr.com\/2026\/2026\/03\/17\/laura-fernadez-recibio-las-credenciales-presidenciales\/#primaryimage"},"thumbnailUrl":"https:\/\/lareaccioncr.com\/2026\/wp-content\/uploads\/2026\/03\/WhatsApp-Image-2026-03-17-at-10.57.46-AM-405x720.jpeg","datePublished":"2026-03-17T17:12:44+00:00","dateModified":"2026-03-17T17:44:49+00:00","description":"Acto se realiz\u00f3 en el auditorio del Tribunal Supremo de elecciones.","breadcrumb":{"@id":"https:\/\/lareaccioncr.com\/2026\/2026\/03\/17\/laura-fernadez-recibio-las-credenciales-presidenciales\/#breadcrumb"},"inLanguage":"es","potentialAction":[{"@type":"ReadAction","target":["https:\/\/lareaccioncr.com\/2026\/2026\/03\/17\/laura-fernadez-recibio-las-credenciales-presidenciales\/"]}]},{"@type":"ImageObject","inLanguage":"es","@id":"https:\/\/lareaccioncr.com\/2026\/2026\/03\/17\/laura-fernadez-recibio-las-credenciales-presidenciales\/#primaryimage","url":"https:\/\/lareaccioncr.com\/2026\/wp-content\/uploads\/2026\/03\/WhatsApp-Image-2026-03-17-at-10.57.46-AM.jpeg","contentUrl":"https:\/\/lareaccioncr.com\/2026\/wp-content\/uploads\/2026\/03\/WhatsApp-Image-2026-03-17-at-10.57.46-AM.jpeg","width":720,"height":1280},{"@type":"BreadcrumbList","@id":"https:\/\/lareaccioncr.com\/2026\/2026\/03\/17\/laura-fernadez-recibio-las-credenciales-presidenciales\/#breadcrumb","itemListElement":[{"@type":"ListItem","position":1,"name":"Portada","item":"https:\/\/lareaccioncr.com\/2026\/"},{"@type":"ListItem","position":2,"name":"Laura Fernad\u00e9z recibi\u00f3 las credenciales presidenciales"}]},{"@type":"WebSite","@id":"https:\/\/lareaccioncr.com\/2026\/#website","url":"https:\/\/lareaccioncr.com\/2026\/","name":"La Reacci\u00f3n | Costa Rica","description":"Medio digital costarricense","publisher":{"@id":"https:\/\/lareaccioncr.com\/2026\/#organization"},"potentialAction":[{"@type":"SearchAction","target":{"@type":"EntryPoint","urlTemplate":"https:\/\/lareaccioncr.com\/2026\/?s={search_term_string}"},"query-input":{"@type":"PropertyValueSpecification","valueRequired":true,"valueName":"search_term_string"}}],"inLanguage":"es"},{"@type":"Organization","@id":"https:\/\/lareaccioncr.com\/2026\/#organization","name":"La Reacci\u00f3n | Costa Rica","url":"https:\/\/lareaccioncr.com\/2026\/","logo":{"@type":"ImageObject","inLanguage":"es","@id":"https:\/\/lareaccioncr.com\/2026\/#\/schema\/logo\/image\/","url":"https:\/\/lareaccioncr.com\/2026\/wp-content\/uploads\/2024\/08\/logo_screenshot.png","contentUrl":"https:\/\/lareaccioncr.com\/2026\/wp-content\/uploads\/2024\/08\/logo_screenshot.png","width":514,"height":156,"caption":"La Reacci\u00f3n | Costa Rica"},"image":{"@id":"https:\/\/lareaccioncr.com\/2026\/#\/schema\/logo\/image\/"}},{"@type":"Person","@id":"https:\/\/lareaccioncr.com\/2026\/#\/schema\/person\/dc4abc0bf3b02ac5844384ffa0e88c4c","name":"Andr\u00e9s Ulloa Montero","image":{"@type":"ImageObject","inLanguage":"es","@id":"https:\/\/secure.gravatar.com\/avatar\/95875ec50a879f37755afdecb65812fd5f4537322036e5a6b21650099419ac48?s=96&d=mm&r=g","url":"https:\/\/secure.gravatar.com\/avatar\/95875ec50a879f37755afdecb65812fd5f4537322036e5a6b21650099419ac48?s=96&d=mm&r=g","contentUrl":"https:\/\/secure.gravatar.com\/avatar\/95875ec50a879f37755afdecb65812fd5f4537322036e5a6b21650099419ac48?s=96&d=mm&r=g","caption":"Andr\u00e9s Ulloa Montero"},"sameAs":["https:\/\/lareaccioncr.com\/2026\/"],"url":"https:\/\/lareaccioncr.com\/2026\/author\/andres-ulloa\/"}]}},"jetpack_featured_media_url":"","jetpack_sharing_enabled":true,"_links":{"self":[{"href":"https:\/\/lareaccioncr.com\/2026\/wp-json\/wp\/v2\/posts\/1796","targetHints":{"allow":["GET"]}}],"collection":[{"href":"https:\/\/lareaccioncr.com\/2026\/wp-json\/wp\/v2\/posts"}],"about":[{"href":"https:\/\/lareaccioncr.com\/2026\/wp-json\/wp\/v2\/types\/post"}],"author":[{"embeddable":true,"href":"https:\/\/lareaccioncr.com\/2026\/wp-json\/wp\/v2\/users\/3"}],"replies":[{"embeddable":true,"href":"https:\/\/lareaccioncr.com\/2026\/wp-json\/wp\/v2\/comments?post=1796"}],"version-history":[{"count":3,"href":"https:\/\/lareaccioncr.com\/2026\/wp-json\/wp\/v2\/posts\/1796\/revisions"}],"predecessor-version":[{"id":1801,"href":"https:\/\/lareaccioncr.com\/2026\/wp-json\/wp\/v2\/posts\/1796\/revisions\/1801"}],"wp:attachment":[{"href":"https:\/\/lareaccioncr.com\/2026\/wp-json\/wp\/v2\/media?parent=1796"}],"wp:term":[{"taxonomy":"category","embeddable":true,"href":"https:\/\/lareaccioncr.com\/2026\/wp-json\/wp\/v2\/categories?post=1796"},{"taxonomy":"post_tag","embeddable":true,"href":"https:\/\/lareaccioncr.com\/2026\/wp-json\/wp\/v2\/tags?post=1796"}],"curies":[{"name":"wp","href":"https:\/\/api.w.org\/{rel}","templated":true}]}}