{"id":1878,"date":"2026-04-06T02:13:17","date_gmt":"2026-04-06T08:13:17","guid":{"rendered":"https:\/\/lareaccioncr.com\/2026\/?p=1878"},"modified":"2026-04-06T07:39:16","modified_gmt":"2026-04-06T13:39:16","slug":"digalo-cuando-el-arte-nos-reune-el-verdadero-sentido-de-ser-banco-popular","status":"publish","type":"post","link":"https:\/\/lareaccioncr.com\/2026\/2026\/04\/06\/digalo-cuando-el-arte-nos-reune-el-verdadero-sentido-de-ser-banco-popular\/","title":{"rendered":"\u00a1D\u00edgalo! Cuando el arte nos re\u00fane: el verdadero sentido de ser Banco Popular"},"content":{"rendered":"<p><img loading=\"lazy\" decoding=\"async\" class=\"wp-image-1883 alignright\" src=\"https:\/\/lareaccioncr.com\/2026\/wp-content\/uploads\/2026\/04\/62c2ac47-d097-4bca-b565-414c012946d5-421x720.jpg\" alt=\"\" width=\"144\" height=\"246\" srcset=\"https:\/\/lareaccioncr.com\/2026\/wp-content\/uploads\/2026\/04\/62c2ac47-d097-4bca-b565-414c012946d5-421x720.jpg 421w, https:\/\/lareaccioncr.com\/2026\/wp-content\/uploads\/2026\/04\/62c2ac47-d097-4bca-b565-414c012946d5-176x300.jpg 176w, https:\/\/lareaccioncr.com\/2026\/wp-content\/uploads\/2026\/04\/62c2ac47-d097-4bca-b565-414c012946d5.jpg 749w\" sizes=\"auto, (max-width: 144px) 100vw, 144px\" \/><em><strong>Hay momentos en los que un pa\u00eds se reconoce a s\u00ed mismo.<\/strong> <\/em>Momentos en los que miles de personas, sin distinci\u00f3n alguna, <em>se encuentran en un mismo espacio para <strong>compartir algo tan simple<\/strong> -y a la vez tan profundo- como <strong>la alegr\u00eda.<\/strong><\/em><\/p>\n<p>Eso fue <em>lo que vivimos<\/em>, en las \u00faltimas semanas, durante el <em><strong>Festival Internacional de las Artes (FIA).<\/strong><\/em><\/p>\n<p>Tuve el privilegio de estar presente tanto en su inauguraci\u00f3n como en su clausura, y <strong>lo que ah\u00ed se vivi\u00f3 no se mide \u00fanicamente en cifras<\/strong> -aunque tambi\u00e9n las hay y son contundentes-, <em><strong>sino en emociones<\/strong><\/em>: <strong>en las sonrisas de los ni\u00f1os, en las familias reunidas sobre el c\u00e9sped<\/strong> de <em>La Sabana<\/em>, en <strong>j\u00f3venes cantando a todo pulm\u00f3n<\/strong>, en personas adultas mayores disfrutando, tal vez recordando, tal vez descubriendo.<\/p>\n<p><em><strong>Vi alegr\u00eda. Vi juventud. Vi familias. Vi un pa\u00eds latiendo unido.<\/strong><\/em><\/p>\n<p><em><img loading=\"lazy\" decoding=\"async\" class=\"wp-image-1891 alignleft\" src=\"https:\/\/lareaccioncr.com\/2026\/wp-content\/uploads\/2026\/04\/Ministerio-de-Cultura-y-Juventud-540x720.jpg\" alt=\"\" width=\"236\" height=\"315\" srcset=\"https:\/\/lareaccioncr.com\/2026\/wp-content\/uploads\/2026\/04\/Ministerio-de-Cultura-y-Juventud-540x720.jpg 540w, https:\/\/lareaccioncr.com\/2026\/wp-content\/uploads\/2026\/04\/Ministerio-de-Cultura-y-Juventud-225x300.jpg 225w, https:\/\/lareaccioncr.com\/2026\/wp-content\/uploads\/2026\/04\/Ministerio-de-Cultura-y-Juventud-768x1024.jpg 768w, https:\/\/lareaccioncr.com\/2026\/wp-content\/uploads\/2026\/04\/Ministerio-de-Cultura-y-Juventud-600x800.jpg 600w, https:\/\/lareaccioncr.com\/2026\/wp-content\/uploads\/2026\/04\/Ministerio-de-Cultura-y-Juventud.jpg 1080w\" sizes=\"auto, (max-width: 236px) 100vw, 236px\" \/>El FIA celebr\u00f3 37 a\u00f1os consolid\u00e1ndose como el evento cultural p\u00fablico m\u00e1s grande de Costa Rica.<\/em> En esta edici\u00f3n, <strong>cerca de 200.000 personas participaron a lo largo de diez d\u00edas de programaci\u00f3n<\/strong>, en un <em>encuentro que reuni\u00f3 a 968 artistas<\/em> \u2014la gran mayor\u00eda nacionales\u2014, <em>distribuidos en m\u00e1s de 100 espect\u00e1culos y m\u00faltiples sedes a lo largo de la ciudad.<\/em><\/p>\n<p><strong>M\u00e1s que cifras<\/strong>, <em>estos datos reflejan algo mucho m\u00e1s profundo: el enorme valor que tiene la cultura cuando se abre, se comparte y se pone al alcance de todas las personas.<\/em><\/p>\n<p>Pero <strong>m\u00e1s all\u00e1 de su magnitud, hay algo que define profundamente a este festival:<\/strong> su esencia p\u00fablica, abierta, accesible. <em>Que el 95% de su programaci\u00f3n sea gratuita o de costo simb\u00f3lico no es un dato menor. Es una declaraci\u00f3n de principios.<\/em> Es la convicci\u00f3n de que la cultura es un derecho, no un privilegio.<\/p>\n<p>Y es ah\u00ed donde, como <strong><em>Banco Popular y de Desarrollo Comunal<\/em><\/strong>, encontramos el sentido m\u00e1s profundo de nuestra participaci\u00f3n.<\/p>\n<p><img loading=\"lazy\" decoding=\"async\" class=\" wp-image-1896 alignright\" src=\"https:\/\/lareaccioncr.com\/2026\/wp-content\/uploads\/2026\/04\/653924981_1353147486848737_2700080121549603628_n-576x720.jpg\" alt=\"\" width=\"271\" height=\"339\" srcset=\"https:\/\/lareaccioncr.com\/2026\/wp-content\/uploads\/2026\/04\/653924981_1353147486848737_2700080121549603628_n-576x720.jpg 576w, https:\/\/lareaccioncr.com\/2026\/wp-content\/uploads\/2026\/04\/653924981_1353147486848737_2700080121549603628_n-240x300.jpg 240w, https:\/\/lareaccioncr.com\/2026\/wp-content\/uploads\/2026\/04\/653924981_1353147486848737_2700080121549603628_n-768x960.jpg 768w, https:\/\/lareaccioncr.com\/2026\/wp-content\/uploads\/2026\/04\/653924981_1353147486848737_2700080121549603628_n.jpg 1080w\" sizes=\"auto, (max-width: 271px) 100vw, 271px\" \/>Porque <strong><em>estar presentes en el FIA no es simplemente acompa\u00f1ar un evento.<\/em> <\/strong>Es estar donde debemos estar: del lado de la gente. Es creer en esos espacios donde una familia puede disfrutar sin preocuparse por el costo de una entrada. <em>Donde un ni\u00f1o puede descubrir el arte por primera vez. Donde un joven encuentra inspiraci\u00f3n. Donde una comunidad se reencuentra.<\/em><\/p>\n<p><strong>En tiempos donde muchas actividades<\/strong> -especialmente en el \u00e1mbito del entretenimiento- <strong>se alejan del alcance de la mayor\u00eda<\/strong>, estos espacios cobran un valor a\u00fan m\u00e1s significativo. <em><strong>Espacios<\/strong> que no excluyen, que no segmentan, que no condicionan. <strong>Espacios<\/strong> que incluyen. Y que construyen bienestar.<\/em><\/p>\n<p><strong>El FIA es tambi\u00e9n una plataforma para nuestros artesanos y peque\u00f1os emprendedores<\/strong> -m\u00e1s de 100 iniciativas culturales y productivas-, muchos de ellos parte fundamental de la <em>Asamblea de Trabajadores y Trabajadoras del Banco Popular.<\/em> <em><strong>Ver sus productos, su talento, el fruto de su esfuerzo, conectando con el p\u00fablico y siendo valorados<\/strong>, es una de las expresiones m\u00e1s aut\u00e9nticas del desarrollo con rostro humano que promovemos como instituci\u00f3n.<\/em><\/p>\n<p>Adem\u00e1s, <em>este esfuerzo colectivo gener\u00f3 m\u00e1s de 1.300 empleos directos e indirectos, evidenciando que la cultura tambi\u00e9n impulsa oportunidades, dinamiza la econom\u00eda y construye bienestar.<\/em> Porque el bienestar no es solo financiero. <strong>El bienestar tambi\u00e9n es emocional.<\/strong> <em>Tambi\u00e9n es cultural. Tambi\u00e9n es colectivo.<\/em><\/p>\n<p><em>Nuestra alianza<\/em> con el <strong>Ministerio de Cultura y Juventud<\/strong> permite que estos espacios se hagan realidad. Y lo decimos con convicci\u00f3n: <em><strong>este tipo de articulaciones son las que transforman el espacio p\u00fablico<\/strong><\/em> en un <strong>lugar de encuentro, de convivencia, de identidad.<\/strong><\/p>\n<p><em>Cuando el arte toma la ciudad,<\/em> como bien lo se\u00f1al\u00f3 el propio Ministerio,<em> el pa\u00eds late distinto.<\/em> <strong>Y nosotros queremos latir ah\u00ed. Queremos estar donde hay risas, donde hay m\u00fasica, donde hay encuentro. Queremos ser parte de esos momentos en los que una persona se siente parte de algo m\u00e1s grande.<\/strong> Porque ese es, en esencia, nuestro prop\u00f3sito.<\/p>\n<p><em>Ver a miles de personas reunidas, disfrutando, cantando, riendo, compartiendo\u2026 esa es nuestra mayor recompensa.<\/em> Ese es nuestro objetivo. Y es, tambi\u00e9n, la mejor forma de honrar nuestro nombre: ser, verdaderamente, un <em><strong>Banco Popular.<\/strong><\/em><\/p>\n<p><strong><em>Jessica Borb\u00f3n Garita<\/em><\/strong><br \/>\n<strong><em>Directora de Relaciones Corporativas<\/em><\/strong><br \/>\n<strong><em>Banco Popular y de Desarrollo Comunal<\/em><\/strong><\/p>\n","protected":false},"excerpt":{"rendered":"<p>Pero m\u00e1s all\u00e1 de su magnitud, hay algo que define profundamente al FIA: su esencia p\u00fablica, abierta, accesible. Que el 95% de su programaci\u00f3n sea gratuita o de costo simb\u00f3lico no es un dato menor. Es una declaraci\u00f3n de principios. Es la convicci\u00f3n de que la cultura es un derecho, no un privilegio.<\/p>\n","protected":false},"author":1,"featured_media":1887,"comment_status":"open","ping_status":"open","sticky":false,"template":"","format":"standard","meta":{"_jetpack_memberships_contains_paid_content":false,"footnotes":""},"categories":[95,93,99],"tags":[538,541,199,537,540,539],"class_list":["post-1878","post","type-post","status-publish","format-standard","has-post-thumbnail","hentry","category-digalo","category-destacados","category-mercados","tag-arte","tag-artistas","tag-banco-popular","tag-cultura","tag-musicos","tag-publico"],"yoast_head":"<!-- This site is optimized with the Yoast SEO plugin v27.4 - https:\/\/yoast.com\/product\/yoast-seo-wordpress\/ -->\n<title>\u00a1D\u00edgalo! Cuando el arte nos re\u00fane: el verdadero sentido de ser Banco Popular - La Reacci\u00f3n | Costa Rica<\/title>\n<meta name=\"robots\" content=\"noindex, follow, max-snippet:-1, max-image-preview:large, max-video-preview:-1\" \/>\n<meta property=\"og:locale\" content=\"es_ES\" \/>\n<meta property=\"og:type\" content=\"article\" \/>\n<meta property=\"og:title\" content=\"\u00a1D\u00edgalo! Cuando el arte nos re\u00fane: el verdadero sentido de ser Banco Popular - La Reacci\u00f3n | Costa Rica\" \/>\n<meta property=\"og:description\" content=\"Pero m\u00e1s all\u00e1 de su magnitud, hay algo que define profundamente al FIA: su esencia p\u00fablica, abierta, accesible. Que el 95% de su programaci\u00f3n sea gratuita o de costo simb\u00f3lico no es un dato menor. Es una declaraci\u00f3n de principios. Es la convicci\u00f3n de que la cultura es un derecho, no un privilegio.\" \/>\n<meta property=\"og:url\" content=\"https:\/\/lareaccioncr.com\/2026\/2026\/04\/06\/digalo-cuando-el-arte-nos-reune-el-verdadero-sentido-de-ser-banco-popular\/\" \/>\n<meta property=\"og:site_name\" content=\"La Reacci\u00f3n | Costa Rica\" \/>\n<meta property=\"article:published_time\" content=\"2026-04-06T08:13:17+00:00\" \/>\n<meta property=\"article:modified_time\" content=\"2026-04-06T13:39:16+00:00\" \/>\n<meta property=\"og:image\" content=\"https:\/\/lareaccioncr.com\/2026\/wp-content\/uploads\/2026\/04\/LaFuraDelsBaus_012-1.jpg\" \/>\n\t<meta property=\"og:image:width\" content=\"1\" \/>\n\t<meta property=\"og:image:height\" content=\"1\" \/>\n\t<meta property=\"og:image:type\" content=\"image\/jpeg\" \/>\n<meta name=\"author\" content=\"Danilo Chaves Cambronero\" \/>\n<meta name=\"twitter:card\" content=\"summary_large_image\" \/>\n<meta name=\"twitter:label1\" content=\"Escrito por\" \/>\n\t<meta name=\"twitter:data1\" content=\"Danilo Chaves Cambronero\" \/>\n\t<meta name=\"twitter:label2\" content=\"Tiempo de lectura\" \/>\n\t<meta name=\"twitter:data2\" content=\"4 minutos\" \/>\n<script type=\"application\/ld+json\" class=\"yoast-schema-graph\">{\"@context\":\"https:\\\/\\\/schema.org\",\"@graph\":[{\"@type\":\"Article\",\"@id\":\"https:\\\/\\\/lareaccioncr.com\\\/2026\\\/2026\\\/04\\\/06\\\/digalo-cuando-el-arte-nos-reune-el-verdadero-sentido-de-ser-banco-popular\\\/#article\",\"isPartOf\":{\"@id\":\"https:\\\/\\\/lareaccioncr.com\\\/2026\\\/2026\\\/04\\\/06\\\/digalo-cuando-el-arte-nos-reune-el-verdadero-sentido-de-ser-banco-popular\\\/\"},\"author\":{\"name\":\"Danilo Chaves Cambronero\",\"@id\":\"https:\\\/\\\/lareaccioncr.com\\\/2026\\\/#\\\/schema\\\/person\\\/18eb6861b2c478a226730c6af61abfd7\"},\"headline\":\"\u00a1D\u00edgalo! Cuando el arte nos re\u00fane: el verdadero sentido de ser Banco Popular\",\"datePublished\":\"2026-04-06T08:13:17+00:00\",\"dateModified\":\"2026-04-06T13:39:16+00:00\",\"mainEntityOfPage\":{\"@id\":\"https:\\\/\\\/lareaccioncr.com\\\/2026\\\/2026\\\/04\\\/06\\\/digalo-cuando-el-arte-nos-reune-el-verdadero-sentido-de-ser-banco-popular\\\/\"},\"wordCount\":730,\"commentCount\":0,\"publisher\":{\"@id\":\"https:\\\/\\\/lareaccioncr.com\\\/2026\\\/#organization\"},\"image\":{\"@id\":\"https:\\\/\\\/lareaccioncr.com\\\/2026\\\/2026\\\/04\\\/06\\\/digalo-cuando-el-arte-nos-reune-el-verdadero-sentido-de-ser-banco-popular\\\/#primaryimage\"},\"thumbnailUrl\":\"https:\\\/\\\/lareaccioncr.com\\\/2026\\\/wp-content\\\/uploads\\\/2026\\\/04\\\/LaFuraDelsBaus_012-1.jpg\",\"keywords\":[\"Arte\",\"Artistas\",\"Banco Popular\",\"Cultura\",\"M\u00fasicos\",\"P\u00fablico\"],\"articleSection\":[\"\u00a1D\u00edgalo!\",\"Destacados\",\"Mercados\"],\"inLanguage\":\"es\",\"potentialAction\":[{\"@type\":\"CommentAction\",\"name\":\"Comment\",\"target\":[\"https:\\\/\\\/lareaccioncr.com\\\/2026\\\/2026\\\/04\\\/06\\\/digalo-cuando-el-arte-nos-reune-el-verdadero-sentido-de-ser-banco-popular\\\/#respond\"]}]},{\"@type\":\"WebPage\",\"@id\":\"https:\\\/\\\/lareaccioncr.com\\\/2026\\\/2026\\\/04\\\/06\\\/digalo-cuando-el-arte-nos-reune-el-verdadero-sentido-de-ser-banco-popular\\\/\",\"url\":\"https:\\\/\\\/lareaccioncr.com\\\/2026\\\/2026\\\/04\\\/06\\\/digalo-cuando-el-arte-nos-reune-el-verdadero-sentido-de-ser-banco-popular\\\/\",\"name\":\"\u00a1D\u00edgalo! Cuando el arte nos re\u00fane: el verdadero sentido de ser Banco Popular - La Reacci\u00f3n | Costa Rica\",\"isPartOf\":{\"@id\":\"https:\\\/\\\/lareaccioncr.com\\\/2026\\\/#website\"},\"primaryImageOfPage\":{\"@id\":\"https:\\\/\\\/lareaccioncr.com\\\/2026\\\/2026\\\/04\\\/06\\\/digalo-cuando-el-arte-nos-reune-el-verdadero-sentido-de-ser-banco-popular\\\/#primaryimage\"},\"image\":{\"@id\":\"https:\\\/\\\/lareaccioncr.com\\\/2026\\\/2026\\\/04\\\/06\\\/digalo-cuando-el-arte-nos-reune-el-verdadero-sentido-de-ser-banco-popular\\\/#primaryimage\"},\"thumbnailUrl\":\"https:\\\/\\\/lareaccioncr.com\\\/2026\\\/wp-content\\\/uploads\\\/2026\\\/04\\\/LaFuraDelsBaus_012-1.jpg\",\"datePublished\":\"2026-04-06T08:13:17+00:00\",\"dateModified\":\"2026-04-06T13:39:16+00:00\",\"breadcrumb\":{\"@id\":\"https:\\\/\\\/lareaccioncr.com\\\/2026\\\/2026\\\/04\\\/06\\\/digalo-cuando-el-arte-nos-reune-el-verdadero-sentido-de-ser-banco-popular\\\/#breadcrumb\"},\"inLanguage\":\"es\",\"potentialAction\":[{\"@type\":\"ReadAction\",\"target\":[\"https:\\\/\\\/lareaccioncr.com\\\/2026\\\/2026\\\/04\\\/06\\\/digalo-cuando-el-arte-nos-reune-el-verdadero-sentido-de-ser-banco-popular\\\/\"]}]},{\"@type\":\"ImageObject\",\"inLanguage\":\"es\",\"@id\":\"https:\\\/\\\/lareaccioncr.com\\\/2026\\\/2026\\\/04\\\/06\\\/digalo-cuando-el-arte-nos-reune-el-verdadero-sentido-de-ser-banco-popular\\\/#primaryimage\",\"url\":\"https:\\\/\\\/lareaccioncr.com\\\/2026\\\/wp-content\\\/uploads\\\/2026\\\/04\\\/LaFuraDelsBaus_012-1.jpg\",\"contentUrl\":\"https:\\\/\\\/lareaccioncr.com\\\/2026\\\/wp-content\\\/uploads\\\/2026\\\/04\\\/LaFuraDelsBaus_012-1.jpg\"},{\"@type\":\"BreadcrumbList\",\"@id\":\"https:\\\/\\\/lareaccioncr.com\\\/2026\\\/2026\\\/04\\\/06\\\/digalo-cuando-el-arte-nos-reune-el-verdadero-sentido-de-ser-banco-popular\\\/#breadcrumb\",\"itemListElement\":[{\"@type\":\"ListItem\",\"position\":1,\"name\":\"Portada\",\"item\":\"https:\\\/\\\/lareaccioncr.com\\\/2026\\\/\"},{\"@type\":\"ListItem\",\"position\":2,\"name\":\"\u00a1D\u00edgalo! Cuando el arte nos re\u00fane: el verdadero sentido de ser Banco Popular\"}]},{\"@type\":\"WebSite\",\"@id\":\"https:\\\/\\\/lareaccioncr.com\\\/2026\\\/#website\",\"url\":\"https:\\\/\\\/lareaccioncr.com\\\/2026\\\/\",\"name\":\"La Reacci\u00f3n | Costa Rica\",\"description\":\"Medio digital costarricense\",\"publisher\":{\"@id\":\"https:\\\/\\\/lareaccioncr.com\\\/2026\\\/#organization\"},\"potentialAction\":[{\"@type\":\"SearchAction\",\"target\":{\"@type\":\"EntryPoint\",\"urlTemplate\":\"https:\\\/\\\/lareaccioncr.com\\\/2026\\\/?s={search_term_string}\"},\"query-input\":{\"@type\":\"PropertyValueSpecification\",\"valueRequired\":true,\"valueName\":\"search_term_string\"}}],\"inLanguage\":\"es\"},{\"@type\":\"Organization\",\"@id\":\"https:\\\/\\\/lareaccioncr.com\\\/2026\\\/#organization\",\"name\":\"La Reacci\u00f3n | Costa Rica\",\"url\":\"https:\\\/\\\/lareaccioncr.com\\\/2026\\\/\",\"logo\":{\"@type\":\"ImageObject\",\"inLanguage\":\"es\",\"@id\":\"https:\\\/\\\/lareaccioncr.com\\\/2026\\\/#\\\/schema\\\/logo\\\/image\\\/\",\"url\":\"https:\\\/\\\/lareaccioncr.com\\\/2026\\\/wp-content\\\/uploads\\\/2024\\\/08\\\/logo_screenshot.png\",\"contentUrl\":\"https:\\\/\\\/lareaccioncr.com\\\/2026\\\/wp-content\\\/uploads\\\/2024\\\/08\\\/logo_screenshot.png\",\"width\":514,\"height\":156,\"caption\":\"La Reacci\u00f3n | Costa Rica\"},\"image\":{\"@id\":\"https:\\\/\\\/lareaccioncr.com\\\/2026\\\/#\\\/schema\\\/logo\\\/image\\\/\"}},{\"@type\":\"Person\",\"@id\":\"https:\\\/\\\/lareaccioncr.com\\\/2026\\\/#\\\/schema\\\/person\\\/18eb6861b2c478a226730c6af61abfd7\",\"name\":\"Danilo Chaves Cambronero\",\"image\":{\"@type\":\"ImageObject\",\"inLanguage\":\"es\",\"@id\":\"https:\\\/\\\/secure.gravatar.com\\\/avatar\\\/a6510f33db705224f6af4e8d466953974b5a67fdf518647172a4c9811a443053?s=96&d=mm&r=g\",\"url\":\"https:\\\/\\\/secure.gravatar.com\\\/avatar\\\/a6510f33db705224f6af4e8d466953974b5a67fdf518647172a4c9811a443053?s=96&d=mm&r=g\",\"contentUrl\":\"https:\\\/\\\/secure.gravatar.com\\\/avatar\\\/a6510f33db705224f6af4e8d466953974b5a67fdf518647172a4c9811a443053?s=96&d=mm&r=g\",\"caption\":\"Danilo Chaves Cambronero\"},\"description\":\"Licenciado en Ciencias de la Comunicaci\u00f3n y reportero durante 23 a\u00f1os de temas pol\u00edtcos y econ\u00f3micos. Docente en varios universidades y fundador de La Reacci\u00f3n en el 2021.\",\"sameAs\":[\"https:\\\/\\\/lareaccioncr.com\\\/2026\"],\"url\":\"https:\\\/\\\/lareaccioncr.com\\\/2026\\\/author\\\/dhcambronero1\\\/\"}]}<\/script>\n<!-- \/ Yoast SEO plugin. -->","yoast_head_json":{"title":"\u00a1D\u00edgalo! Cuando el arte nos re\u00fane: el verdadero sentido de ser Banco Popular - La Reacci\u00f3n | Costa Rica","robots":{"index":"noindex","follow":"follow","max-snippet":"max-snippet:-1","max-image-preview":"max-image-preview:large","max-video-preview":"max-video-preview:-1"},"og_locale":"es_ES","og_type":"article","og_title":"\u00a1D\u00edgalo! Cuando el arte nos re\u00fane: el verdadero sentido de ser Banco Popular - La Reacci\u00f3n | Costa Rica","og_description":"Pero m\u00e1s all\u00e1 de su magnitud, hay algo que define profundamente al FIA: su esencia p\u00fablica, abierta, accesible. Que el 95% de su programaci\u00f3n sea gratuita o de costo simb\u00f3lico no es un dato menor. Es una declaraci\u00f3n de principios. Es la convicci\u00f3n de que la cultura es un derecho, no un privilegio.","og_url":"https:\/\/lareaccioncr.com\/2026\/2026\/04\/06\/digalo-cuando-el-arte-nos-reune-el-verdadero-sentido-de-ser-banco-popular\/","og_site_name":"La Reacci\u00f3n | Costa Rica","article_published_time":"2026-04-06T08:13:17+00:00","article_modified_time":"2026-04-06T13:39:16+00:00","og_image":[{"url":"https:\/\/lareaccioncr.com\/2026\/wp-content\/uploads\/2026\/04\/LaFuraDelsBaus_012-1.jpg","width":1,"height":1,"type":"image\/jpeg"}],"author":"Danilo Chaves Cambronero","twitter_card":"summary_large_image","twitter_misc":{"Escrito por":"Danilo Chaves Cambronero","Tiempo de lectura":"4 minutos"},"schema":{"@context":"https:\/\/schema.org","@graph":[{"@type":"Article","@id":"https:\/\/lareaccioncr.com\/2026\/2026\/04\/06\/digalo-cuando-el-arte-nos-reune-el-verdadero-sentido-de-ser-banco-popular\/#article","isPartOf":{"@id":"https:\/\/lareaccioncr.com\/2026\/2026\/04\/06\/digalo-cuando-el-arte-nos-reune-el-verdadero-sentido-de-ser-banco-popular\/"},"author":{"name":"Danilo Chaves Cambronero","@id":"https:\/\/lareaccioncr.com\/2026\/#\/schema\/person\/18eb6861b2c478a226730c6af61abfd7"},"headline":"\u00a1D\u00edgalo! Cuando el arte nos re\u00fane: el verdadero sentido de ser Banco Popular","datePublished":"2026-04-06T08:13:17+00:00","dateModified":"2026-04-06T13:39:16+00:00","mainEntityOfPage":{"@id":"https:\/\/lareaccioncr.com\/2026\/2026\/04\/06\/digalo-cuando-el-arte-nos-reune-el-verdadero-sentido-de-ser-banco-popular\/"},"wordCount":730,"commentCount":0,"publisher":{"@id":"https:\/\/lareaccioncr.com\/2026\/#organization"},"image":{"@id":"https:\/\/lareaccioncr.com\/2026\/2026\/04\/06\/digalo-cuando-el-arte-nos-reune-el-verdadero-sentido-de-ser-banco-popular\/#primaryimage"},"thumbnailUrl":"https:\/\/lareaccioncr.com\/2026\/wp-content\/uploads\/2026\/04\/LaFuraDelsBaus_012-1.jpg","keywords":["Arte","Artistas","Banco Popular","Cultura","M\u00fasicos","P\u00fablico"],"articleSection":["\u00a1D\u00edgalo!","Destacados","Mercados"],"inLanguage":"es","potentialAction":[{"@type":"CommentAction","name":"Comment","target":["https:\/\/lareaccioncr.com\/2026\/2026\/04\/06\/digalo-cuando-el-arte-nos-reune-el-verdadero-sentido-de-ser-banco-popular\/#respond"]}]},{"@type":"WebPage","@id":"https:\/\/lareaccioncr.com\/2026\/2026\/04\/06\/digalo-cuando-el-arte-nos-reune-el-verdadero-sentido-de-ser-banco-popular\/","url":"https:\/\/lareaccioncr.com\/2026\/2026\/04\/06\/digalo-cuando-el-arte-nos-reune-el-verdadero-sentido-de-ser-banco-popular\/","name":"\u00a1D\u00edgalo! Cuando el arte nos re\u00fane: el verdadero sentido de ser Banco Popular - La Reacci\u00f3n | Costa Rica","isPartOf":{"@id":"https:\/\/lareaccioncr.com\/2026\/#website"},"primaryImageOfPage":{"@id":"https:\/\/lareaccioncr.com\/2026\/2026\/04\/06\/digalo-cuando-el-arte-nos-reune-el-verdadero-sentido-de-ser-banco-popular\/#primaryimage"},"image":{"@id":"https:\/\/lareaccioncr.com\/2026\/2026\/04\/06\/digalo-cuando-el-arte-nos-reune-el-verdadero-sentido-de-ser-banco-popular\/#primaryimage"},"thumbnailUrl":"https:\/\/lareaccioncr.com\/2026\/wp-content\/uploads\/2026\/04\/LaFuraDelsBaus_012-1.jpg","datePublished":"2026-04-06T08:13:17+00:00","dateModified":"2026-04-06T13:39:16+00:00","breadcrumb":{"@id":"https:\/\/lareaccioncr.com\/2026\/2026\/04\/06\/digalo-cuando-el-arte-nos-reune-el-verdadero-sentido-de-ser-banco-popular\/#breadcrumb"},"inLanguage":"es","potentialAction":[{"@type":"ReadAction","target":["https:\/\/lareaccioncr.com\/2026\/2026\/04\/06\/digalo-cuando-el-arte-nos-reune-el-verdadero-sentido-de-ser-banco-popular\/"]}]},{"@type":"ImageObject","inLanguage":"es","@id":"https:\/\/lareaccioncr.com\/2026\/2026\/04\/06\/digalo-cuando-el-arte-nos-reune-el-verdadero-sentido-de-ser-banco-popular\/#primaryimage","url":"https:\/\/lareaccioncr.com\/2026\/wp-content\/uploads\/2026\/04\/LaFuraDelsBaus_012-1.jpg","contentUrl":"https:\/\/lareaccioncr.com\/2026\/wp-content\/uploads\/2026\/04\/LaFuraDelsBaus_012-1.jpg"},{"@type":"BreadcrumbList","@id":"https:\/\/lareaccioncr.com\/2026\/2026\/04\/06\/digalo-cuando-el-arte-nos-reune-el-verdadero-sentido-de-ser-banco-popular\/#breadcrumb","itemListElement":[{"@type":"ListItem","position":1,"name":"Portada","item":"https:\/\/lareaccioncr.com\/2026\/"},{"@type":"ListItem","position":2,"name":"\u00a1D\u00edgalo! Cuando el arte nos re\u00fane: el verdadero sentido de ser Banco Popular"}]},{"@type":"WebSite","@id":"https:\/\/lareaccioncr.com\/2026\/#website","url":"https:\/\/lareaccioncr.com\/2026\/","name":"La Reacci\u00f3n | Costa Rica","description":"Medio digital costarricense","publisher":{"@id":"https:\/\/lareaccioncr.com\/2026\/#organization"},"potentialAction":[{"@type":"SearchAction","target":{"@type":"EntryPoint","urlTemplate":"https:\/\/lareaccioncr.com\/2026\/?s={search_term_string}"},"query-input":{"@type":"PropertyValueSpecification","valueRequired":true,"valueName":"search_term_string"}}],"inLanguage":"es"},{"@type":"Organization","@id":"https:\/\/lareaccioncr.com\/2026\/#organization","name":"La Reacci\u00f3n | Costa Rica","url":"https:\/\/lareaccioncr.com\/2026\/","logo":{"@type":"ImageObject","inLanguage":"es","@id":"https:\/\/lareaccioncr.com\/2026\/#\/schema\/logo\/image\/","url":"https:\/\/lareaccioncr.com\/2026\/wp-content\/uploads\/2024\/08\/logo_screenshot.png","contentUrl":"https:\/\/lareaccioncr.com\/2026\/wp-content\/uploads\/2024\/08\/logo_screenshot.png","width":514,"height":156,"caption":"La Reacci\u00f3n | Costa Rica"},"image":{"@id":"https:\/\/lareaccioncr.com\/2026\/#\/schema\/logo\/image\/"}},{"@type":"Person","@id":"https:\/\/lareaccioncr.com\/2026\/#\/schema\/person\/18eb6861b2c478a226730c6af61abfd7","name":"Danilo Chaves Cambronero","image":{"@type":"ImageObject","inLanguage":"es","@id":"https:\/\/secure.gravatar.com\/avatar\/a6510f33db705224f6af4e8d466953974b5a67fdf518647172a4c9811a443053?s=96&d=mm&r=g","url":"https:\/\/secure.gravatar.com\/avatar\/a6510f33db705224f6af4e8d466953974b5a67fdf518647172a4c9811a443053?s=96&d=mm&r=g","contentUrl":"https:\/\/secure.gravatar.com\/avatar\/a6510f33db705224f6af4e8d466953974b5a67fdf518647172a4c9811a443053?s=96&d=mm&r=g","caption":"Danilo Chaves Cambronero"},"description":"Licenciado en Ciencias de la Comunicaci\u00f3n y reportero durante 23 a\u00f1os de temas pol\u00edtcos y econ\u00f3micos. Docente en varios universidades y fundador de La Reacci\u00f3n en el 2021.","sameAs":["https:\/\/lareaccioncr.com\/2026"],"url":"https:\/\/lareaccioncr.com\/2026\/author\/dhcambronero1\/"}]}},"jetpack_featured_media_url":"https:\/\/lareaccioncr.com\/2026\/wp-content\/uploads\/2026\/04\/LaFuraDelsBaus_012-1.jpg","jetpack_sharing_enabled":true,"_links":{"self":[{"href":"https:\/\/lareaccioncr.com\/2026\/wp-json\/wp\/v2\/posts\/1878","targetHints":{"allow":["GET"]}}],"collection":[{"href":"https:\/\/lareaccioncr.com\/2026\/wp-json\/wp\/v2\/posts"}],"about":[{"href":"https:\/\/lareaccioncr.com\/2026\/wp-json\/wp\/v2\/types\/post"}],"author":[{"embeddable":true,"href":"https:\/\/lareaccioncr.com\/2026\/wp-json\/wp\/v2\/users\/1"}],"replies":[{"embeddable":true,"href":"https:\/\/lareaccioncr.com\/2026\/wp-json\/wp\/v2\/comments?post=1878"}],"version-history":[{"count":18,"href":"https:\/\/lareaccioncr.com\/2026\/wp-json\/wp\/v2\/posts\/1878\/revisions"}],"predecessor-version":[{"id":1901,"href":"https:\/\/lareaccioncr.com\/2026\/wp-json\/wp\/v2\/posts\/1878\/revisions\/1901"}],"wp:featuredmedia":[{"embeddable":true,"href":"https:\/\/lareaccioncr.com\/2026\/wp-json\/wp\/v2\/media\/1887"}],"wp:attachment":[{"href":"https:\/\/lareaccioncr.com\/2026\/wp-json\/wp\/v2\/media?parent=1878"}],"wp:term":[{"taxonomy":"category","embeddable":true,"href":"https:\/\/lareaccioncr.com\/2026\/wp-json\/wp\/v2\/categories?post=1878"},{"taxonomy":"post_tag","embeddable":true,"href":"https:\/\/lareaccioncr.com\/2026\/wp-json\/wp\/v2\/tags?post=1878"}],"curies":[{"name":"wp","href":"https:\/\/api.w.org\/{rel}","templated":true}]}}