{"id":1903,"date":"2026-04-07T22:07:55","date_gmt":"2026-04-08T04:07:55","guid":{"rendered":"https:\/\/lareaccioncr.com\/2026\/?p=1903"},"modified":"2026-04-08T08:43:00","modified_gmt":"2026-04-08T14:43:00","slug":"si-no-llegamos-a-un-acuerdo-fees-ira-a-la-asamblea-legislativa-leonardo-sanchez-ministro-de-educacion","status":"publish","type":"post","link":"https:\/\/lareaccioncr.com\/2026\/2026\/04\/07\/si-no-llegamos-a-un-acuerdo-fees-ira-a-la-asamblea-legislativa-leonardo-sanchez-ministro-de-educacion\/","title":{"rendered":"Financiamiento de U P\u00fablicas \u00abcasi seguro\u00bb que volver\u00eda al Congreso &#8230; esta vez dominado por el Chavismo"},"content":{"rendered":"\n<ul class=\"wp-block-list\">\n<li>Gobierno asegura que se dar\u00e1 un incremento real del 2,67%, a pesar de que el crecimiento nominal ser\u00eda 0%<\/li>\n\n\n\n<li>Responsabilidad caer\u00eda en el pr\u00f3ximo Congreso<\/li>\n<\/ul>\n\n\n\n<p><strong>Leonardo S\u00e1nchez, ministro de Educaci\u00f3n P\u00fablica, anunci\u00f3 en que, tras negociar con las universidades p\u00fablicas, el Gobierno decidi\u00f3 no aumentar el Fondo Especial para la Educaci\u00f3n Superior (FEES). Sin embargo, las instituciones educativas rechazaron la propuesta, por lo que el jerarca se\u00f1al\u00f3 que, si no alcanzan un consenso, enviar\u00e1n el tema a la Asamblea Legislativa.<\/strong><\/p>\n\n\n\n<blockquote class=\"wp-block-quote is-layout-flow wp-block-quote-is-layout-flow\">\n<p><em>\u00abSi no llegamos a un acuerdo entre las partes esto definitivamente va para la Asamblea Legislativa, como usted bien lo indica por temas de tiempo, es casi seguro que quien lo defina sea la pr\u00f3xima, es matem\u00e1tica simple, estamos a menos de un mes\u00bb,<\/em> respondi\u00f3 S\u00e1nchez a <em><strong>La<\/strong> <strong>Reacci\u00f3n.<\/strong><\/em><\/p>\n<\/blockquote>\n\n\n\n<p>Cabe recordar que el pr\u00f3ximo plenario contar\u00e1 con 31 diputados del oficialismo. Por esta raz\u00f3n, el Congreso podr\u00eda aprobar la propuesta presupuestaria tal como el Gobierno la present\u00f3 este martes, en caso de que el tema llegue a <strong><em>Cuesta de Moras.<\/em><\/strong><\/p>\n\n\n\n<h2 class=\"wp-block-heading\">Aducen crecimiento<\/h2>\n\n\n\n\n\n<p><img loading=\"lazy\" decoding=\"async\" class=\"wp-image-1906 alignleft\" src=\"https:\/\/lareaccioncr.com\/2026\/wp-content\/uploads\/2026\/04\/WhatsApp-Image-2026-04-07-at-9.25.39-PM-540x720.jpeg\" alt=\"\" width=\"286\" height=\"382\" srcset=\"https:\/\/lareaccioncr.com\/2026\/wp-content\/uploads\/2026\/04\/WhatsApp-Image-2026-04-07-at-9.25.39-PM-540x720.jpeg 540w, https:\/\/lareaccioncr.com\/2026\/wp-content\/uploads\/2026\/04\/WhatsApp-Image-2026-04-07-at-9.25.39-PM-225x300.jpeg 225w, https:\/\/lareaccioncr.com\/2026\/wp-content\/uploads\/2026\/04\/WhatsApp-Image-2026-04-07-at-9.25.39-PM-768x1024.jpeg 768w, https:\/\/lareaccioncr.com\/2026\/wp-content\/uploads\/2026\/04\/WhatsApp-Image-2026-04-07-at-9.25.39-PM-1152x1536.jpeg 1152w, https:\/\/lareaccioncr.com\/2026\/wp-content\/uploads\/2026\/04\/WhatsApp-Image-2026-04-07-at-9.25.39-PM-600x800.jpeg 600w, https:\/\/lareaccioncr.com\/2026\/wp-content\/uploads\/2026\/04\/WhatsApp-Image-2026-04-07-at-9.25.39-PM.jpeg 1200w\" sizes=\"auto, (max-width: 286px) 100vw, 286px\" \/>El jerarca se\u00f1al\u00f3 que a pesar de que el <strong>crecimiento nominal ser\u00eda 0%<\/strong> se estar\u00eda dando un incremento real, esto debido a que la inflaci\u00f3n del pa\u00eds se ha mantenido en negativo<\/p>\n\n\n\n<blockquote class=\"wp-block-quote is-layout-flow wp-block-quote-is-layout-flow\">\n<p>\u00abPor varios a\u00f1os el crecimiento de la inflaci\u00f3n se ha mantenido en cero o negativa, es por ello que basado a esto hicimos esta oferta (\u2026) Es importante se\u00f1alar que cuando nosotros ponemos sobre la mesa un crecimiento nominal de 0%, en un contexto de inflaci\u00f3n negativa, el aumento real que se est\u00e1 asignando es de <em><strong>2,7% <\/strong><\/em>lo que equivale a <strong>\u20a116 mil millones\u00bb<\/strong> puntualiz\u00f3<\/p>\n<\/blockquote>\n\n\n\n<p>Jorge Herrera, presidente del Consejo Nacional de Rectores (CONARE), se\u00f1al\u00f3 que a pesar de que dieron por conocida la propuesta, se negaron a aceptarla, puesto que no obedecer\u00eda a la realidad.<\/p>\n\n\n\n<blockquote class=\"wp-block-quote is-layout-flow wp-block-quote-is-layout-flow\">\n<p>\u00abConsideramos que esto no obedece a la realidad, de la Universidades, primero porque estamos hablando de la negociaci\u00f3n para el pr\u00f3ximo a\u00f1o, y es de saber que tenemos una cris\u00eds geopol\u00edtica ,que har\u00e1 que los niveles de inflaci\u00f3n se disparen, pero adem\u00e1s creemos que la inflaci\u00f3n no es un dato real para calcular el FEES\u00bb, ya que nosotros compramos equipo cientifico tecnol\u00f3gico\u00bb finaliz\u00f3 Herrera<\/p>\n<\/blockquote>\n\n\n\n<p>La principal molestia surge porque el Gobierno a\u00fan no transfiere el 2% adicional del FEES correspondiente a 2025, pese a que la Asamblea Legislativa lo aprob\u00f3.<\/p>\n\n\n\n<p>El monto, superior a <strong><em>\u20a111.500 millones<\/em><\/strong>, es uno de los principales puntos de discusi\u00f3n, ya que las universidades se\u00f1alan que su ausencia afecta la planificaci\u00f3n financiera y la ejecuci\u00f3n de programas institucionales.<\/p>\n\n\n\n<p>La Comisi\u00f3n de Asuntos Hacendarios del Congreso aprob\u00f3 este presupuesto en 2024, luego de que la Comisi\u00f3n de Enlace no lograra un acuerdo sobre el porcentaje de incremento.<\/p>\n","protected":false},"excerpt":{"rendered":"<p>Leonardo S\u00e1nchez, ministro de Educaci\u00f3n P\u00fablica, anunci\u00f3 en que, tras negociar con las universidades p\u00fablicas, el Gobierno decidi\u00f3 no aumentar el Fondo Especial para la Educaci\u00f3n Superior (FEES). Sin embargo, las instituciones educativas rechazaron la propuesta, por lo que el jerarca se\u00f1al\u00f3 que, si no [&hellip;]<\/p>\n","protected":false},"author":3,"featured_media":1909,"comment_status":"open","ping_status":"open","sticky":false,"template":"","format":"standard","meta":{"_jetpack_memberships_contains_paid_content":false,"footnotes":""},"categories":[94,101,97],"tags":[323,304,542,543],"class_list":["post-1903","post","type-post","status-publish","format-standard","has-post-thumbnail","hentry","category-aqui-hay-tema","category-desafio","category-politica","tag-asamblea-legislativa","tag-fees","tag-negociacion","tag-universidades-publicas"],"yoast_head":"<!-- This site is optimized with the Yoast SEO plugin v27.5 - https:\/\/yoast.com\/product\/yoast-seo-wordpress\/ -->\n<title>Financiamiento de U P\u00fablicas &quot;casi seguro&quot; que volver\u00eda al Congreso ... esta vez dominado por el Chavismo - La Reacci\u00f3n | Costa Rica<\/title>\n<meta name=\"description\" content=\"Leonardo S\u00e1nchez, ministro de Educaci\u00f3n P\u00fablica, anunci\u00f3 en conferencia de prensa que, tras negociar con las universidades p\u00fablicas, el Gobierno decidi\u00f3 no aumentar el Fondo Especial para la Educaci\u00f3n Superior (FEES). Sin embargo, las instituciones educativas rechazaron la propuesta, por lo que el jerarca se\u00f1al\u00f3 que, si no alcanzan un consenso, enviar\u00e1n el tema a la Asamblea Legislativa.\" \/>\n<meta name=\"robots\" content=\"noindex, follow, max-snippet:-1, max-image-preview:large, max-video-preview:-1\" \/>\n<meta property=\"og:locale\" content=\"es_ES\" \/>\n<meta property=\"og:type\" content=\"article\" \/>\n<meta property=\"og:title\" content=\"Financiamiento de U P\u00fablicas &quot;casi seguro&quot; que volver\u00eda al Congreso ... esta vez dominado por el Chavismo - La Reacci\u00f3n | Costa Rica\" \/>\n<meta property=\"og:description\" content=\"Leonardo S\u00e1nchez, ministro de Educaci\u00f3n P\u00fablica, anunci\u00f3 en conferencia de prensa que, tras negociar con las universidades p\u00fablicas, el Gobierno decidi\u00f3 no aumentar el Fondo Especial para la Educaci\u00f3n Superior (FEES). Sin embargo, las instituciones educativas rechazaron la propuesta, por lo que el jerarca se\u00f1al\u00f3 que, si no alcanzan un consenso, enviar\u00e1n el tema a la Asamblea Legislativa.\" \/>\n<meta property=\"og:url\" content=\"https:\/\/lareaccioncr.com\/2026\/2026\/04\/07\/si-no-llegamos-a-un-acuerdo-fees-ira-a-la-asamblea-legislativa-leonardo-sanchez-ministro-de-educacion\/\" \/>\n<meta property=\"og:site_name\" content=\"La Reacci\u00f3n | Costa Rica\" \/>\n<meta property=\"article:published_time\" content=\"2026-04-08T04:07:55+00:00\" \/>\n<meta property=\"article:modified_time\" content=\"2026-04-08T14:43:00+00:00\" \/>\n<meta property=\"og:image\" content=\"https:\/\/lareaccioncr.com\/2026\/wp-content\/uploads\/2026\/04\/CONARE-FEES.jpg\" \/>\n\t<meta property=\"og:image:width\" content=\"1600\" \/>\n\t<meta property=\"og:image:height\" content=\"900\" \/>\n\t<meta property=\"og:image:type\" content=\"image\/jpeg\" \/>\n<meta name=\"author\" content=\"Andr\u00e9s Ulloa Montero\" \/>\n<meta name=\"twitter:card\" content=\"summary_large_image\" \/>\n<meta name=\"twitter:label1\" content=\"Escrito por\" \/>\n\t<meta name=\"twitter:data1\" content=\"Andr\u00e9s Ulloa Montero\" \/>\n\t<meta name=\"twitter:label2\" content=\"Tiempo de lectura\" \/>\n\t<meta name=\"twitter:data2\" content=\"2 minutos\" \/>\n<script type=\"application\/ld+json\" class=\"yoast-schema-graph\">{\"@context\":\"https:\\\/\\\/schema.org\",\"@graph\":[{\"@type\":\"Article\",\"@id\":\"https:\\\/\\\/lareaccioncr.com\\\/2026\\\/2026\\\/04\\\/07\\\/si-no-llegamos-a-un-acuerdo-fees-ira-a-la-asamblea-legislativa-leonardo-sanchez-ministro-de-educacion\\\/#article\",\"isPartOf\":{\"@id\":\"https:\\\/\\\/lareaccioncr.com\\\/2026\\\/2026\\\/04\\\/07\\\/si-no-llegamos-a-un-acuerdo-fees-ira-a-la-asamblea-legislativa-leonardo-sanchez-ministro-de-educacion\\\/\"},\"author\":{\"name\":\"Andr\u00e9s Ulloa Montero\",\"@id\":\"https:\\\/\\\/lareaccioncr.com\\\/2026\\\/#\\\/schema\\\/person\\\/dc4abc0bf3b02ac5844384ffa0e88c4c\"},\"headline\":\"Financiamiento de U P\u00fablicas \u00abcasi seguro\u00bb que volver\u00eda al Congreso &#8230; esta vez dominado por el Chavismo\",\"datePublished\":\"2026-04-08T04:07:55+00:00\",\"dateModified\":\"2026-04-08T14:43:00+00:00\",\"mainEntityOfPage\":{\"@id\":\"https:\\\/\\\/lareaccioncr.com\\\/2026\\\/2026\\\/04\\\/07\\\/si-no-llegamos-a-un-acuerdo-fees-ira-a-la-asamblea-legislativa-leonardo-sanchez-ministro-de-educacion\\\/\"},\"wordCount\":500,\"commentCount\":0,\"publisher\":{\"@id\":\"https:\\\/\\\/lareaccioncr.com\\\/2026\\\/#organization\"},\"image\":{\"@id\":\"https:\\\/\\\/lareaccioncr.com\\\/2026\\\/2026\\\/04\\\/07\\\/si-no-llegamos-a-un-acuerdo-fees-ira-a-la-asamblea-legislativa-leonardo-sanchez-ministro-de-educacion\\\/#primaryimage\"},\"thumbnailUrl\":\"https:\\\/\\\/lareaccioncr.com\\\/2026\\\/wp-content\\\/uploads\\\/2026\\\/04\\\/CONARE-FEES.jpg\",\"keywords\":[\"Asamblea Legislativa\",\"FEES\",\"Negociaci\u00f3n\",\"Universidades P\u00fablicas\"],\"articleSection\":[\"Aqu\u00ed Hay Tema\",\"Desaf\u00edo\",\"Pol\u00edtica\"],\"inLanguage\":\"es\",\"potentialAction\":[{\"@type\":\"CommentAction\",\"name\":\"Comment\",\"target\":[\"https:\\\/\\\/lareaccioncr.com\\\/2026\\\/2026\\\/04\\\/07\\\/si-no-llegamos-a-un-acuerdo-fees-ira-a-la-asamblea-legislativa-leonardo-sanchez-ministro-de-educacion\\\/#respond\"]}]},{\"@type\":\"WebPage\",\"@id\":\"https:\\\/\\\/lareaccioncr.com\\\/2026\\\/2026\\\/04\\\/07\\\/si-no-llegamos-a-un-acuerdo-fees-ira-a-la-asamblea-legislativa-leonardo-sanchez-ministro-de-educacion\\\/\",\"url\":\"https:\\\/\\\/lareaccioncr.com\\\/2026\\\/2026\\\/04\\\/07\\\/si-no-llegamos-a-un-acuerdo-fees-ira-a-la-asamblea-legislativa-leonardo-sanchez-ministro-de-educacion\\\/\",\"name\":\"Financiamiento de U P\u00fablicas \\\"casi seguro\\\" que volver\u00eda al Congreso ... esta vez dominado por el Chavismo - La Reacci\u00f3n | Costa Rica\",\"isPartOf\":{\"@id\":\"https:\\\/\\\/lareaccioncr.com\\\/2026\\\/#website\"},\"primaryImageOfPage\":{\"@id\":\"https:\\\/\\\/lareaccioncr.com\\\/2026\\\/2026\\\/04\\\/07\\\/si-no-llegamos-a-un-acuerdo-fees-ira-a-la-asamblea-legislativa-leonardo-sanchez-ministro-de-educacion\\\/#primaryimage\"},\"image\":{\"@id\":\"https:\\\/\\\/lareaccioncr.com\\\/2026\\\/2026\\\/04\\\/07\\\/si-no-llegamos-a-un-acuerdo-fees-ira-a-la-asamblea-legislativa-leonardo-sanchez-ministro-de-educacion\\\/#primaryimage\"},\"thumbnailUrl\":\"https:\\\/\\\/lareaccioncr.com\\\/2026\\\/wp-content\\\/uploads\\\/2026\\\/04\\\/CONARE-FEES.jpg\",\"datePublished\":\"2026-04-08T04:07:55+00:00\",\"dateModified\":\"2026-04-08T14:43:00+00:00\",\"description\":\"Leonardo S\u00e1nchez, ministro de Educaci\u00f3n P\u00fablica, anunci\u00f3 en conferencia de prensa que, tras negociar con las universidades p\u00fablicas, el Gobierno decidi\u00f3 no aumentar el Fondo Especial para la Educaci\u00f3n Superior (FEES). Sin embargo, las instituciones educativas rechazaron la propuesta, por lo que el jerarca se\u00f1al\u00f3 que, si no alcanzan un consenso, enviar\u00e1n el tema a la Asamblea Legislativa.\",\"breadcrumb\":{\"@id\":\"https:\\\/\\\/lareaccioncr.com\\\/2026\\\/2026\\\/04\\\/07\\\/si-no-llegamos-a-un-acuerdo-fees-ira-a-la-asamblea-legislativa-leonardo-sanchez-ministro-de-educacion\\\/#breadcrumb\"},\"inLanguage\":\"es\",\"potentialAction\":[{\"@type\":\"ReadAction\",\"target\":[\"https:\\\/\\\/lareaccioncr.com\\\/2026\\\/2026\\\/04\\\/07\\\/si-no-llegamos-a-un-acuerdo-fees-ira-a-la-asamblea-legislativa-leonardo-sanchez-ministro-de-educacion\\\/\"]}]},{\"@type\":\"ImageObject\",\"inLanguage\":\"es\",\"@id\":\"https:\\\/\\\/lareaccioncr.com\\\/2026\\\/2026\\\/04\\\/07\\\/si-no-llegamos-a-un-acuerdo-fees-ira-a-la-asamblea-legislativa-leonardo-sanchez-ministro-de-educacion\\\/#primaryimage\",\"url\":\"https:\\\/\\\/lareaccioncr.com\\\/2026\\\/wp-content\\\/uploads\\\/2026\\\/04\\\/CONARE-FEES.jpg\",\"contentUrl\":\"https:\\\/\\\/lareaccioncr.com\\\/2026\\\/wp-content\\\/uploads\\\/2026\\\/04\\\/CONARE-FEES.jpg\",\"width\":1600,\"height\":900},{\"@type\":\"BreadcrumbList\",\"@id\":\"https:\\\/\\\/lareaccioncr.com\\\/2026\\\/2026\\\/04\\\/07\\\/si-no-llegamos-a-un-acuerdo-fees-ira-a-la-asamblea-legislativa-leonardo-sanchez-ministro-de-educacion\\\/#breadcrumb\",\"itemListElement\":[{\"@type\":\"ListItem\",\"position\":1,\"name\":\"Portada\",\"item\":\"https:\\\/\\\/lareaccioncr.com\\\/2026\\\/\"},{\"@type\":\"ListItem\",\"position\":2,\"name\":\"Financiamiento de U P\u00fablicas \u00abcasi seguro\u00bb que volver\u00eda al Congreso &#8230; esta vez dominado por el Chavismo\"}]},{\"@type\":\"WebSite\",\"@id\":\"https:\\\/\\\/lareaccioncr.com\\\/2026\\\/#website\",\"url\":\"https:\\\/\\\/lareaccioncr.com\\\/2026\\\/\",\"name\":\"La Reacci\u00f3n | Costa Rica\",\"description\":\"Medio digital costarricense\",\"publisher\":{\"@id\":\"https:\\\/\\\/lareaccioncr.com\\\/2026\\\/#organization\"},\"potentialAction\":[{\"@type\":\"SearchAction\",\"target\":{\"@type\":\"EntryPoint\",\"urlTemplate\":\"https:\\\/\\\/lareaccioncr.com\\\/2026\\\/?s={search_term_string}\"},\"query-input\":{\"@type\":\"PropertyValueSpecification\",\"valueRequired\":true,\"valueName\":\"search_term_string\"}}],\"inLanguage\":\"es\"},{\"@type\":\"Organization\",\"@id\":\"https:\\\/\\\/lareaccioncr.com\\\/2026\\\/#organization\",\"name\":\"La Reacci\u00f3n | Costa Rica\",\"url\":\"https:\\\/\\\/lareaccioncr.com\\\/2026\\\/\",\"logo\":{\"@type\":\"ImageObject\",\"inLanguage\":\"es\",\"@id\":\"https:\\\/\\\/lareaccioncr.com\\\/2026\\\/#\\\/schema\\\/logo\\\/image\\\/\",\"url\":\"https:\\\/\\\/lareaccioncr.com\\\/2026\\\/wp-content\\\/uploads\\\/2024\\\/08\\\/logo_screenshot.png\",\"contentUrl\":\"https:\\\/\\\/lareaccioncr.com\\\/2026\\\/wp-content\\\/uploads\\\/2024\\\/08\\\/logo_screenshot.png\",\"width\":514,\"height\":156,\"caption\":\"La Reacci\u00f3n | Costa Rica\"},\"image\":{\"@id\":\"https:\\\/\\\/lareaccioncr.com\\\/2026\\\/#\\\/schema\\\/logo\\\/image\\\/\"}},{\"@type\":\"Person\",\"@id\":\"https:\\\/\\\/lareaccioncr.com\\\/2026\\\/#\\\/schema\\\/person\\\/dc4abc0bf3b02ac5844384ffa0e88c4c\",\"name\":\"Andr\u00e9s Ulloa Montero\",\"image\":{\"@type\":\"ImageObject\",\"inLanguage\":\"es\",\"@id\":\"https:\\\/\\\/secure.gravatar.com\\\/avatar\\\/95875ec50a879f37755afdecb65812fd5f4537322036e5a6b21650099419ac48?s=96&d=mm&r=g\",\"url\":\"https:\\\/\\\/secure.gravatar.com\\\/avatar\\\/95875ec50a879f37755afdecb65812fd5f4537322036e5a6b21650099419ac48?s=96&d=mm&r=g\",\"contentUrl\":\"https:\\\/\\\/secure.gravatar.com\\\/avatar\\\/95875ec50a879f37755afdecb65812fd5f4537322036e5a6b21650099419ac48?s=96&d=mm&r=g\",\"caption\":\"Andr\u00e9s Ulloa Montero\"},\"sameAs\":[\"https:\\\/\\\/lareaccioncr.com\\\/2026\\\/\"],\"url\":\"https:\\\/\\\/lareaccioncr.com\\\/2026\\\/author\\\/andres-ulloa\\\/\"}]}<\/script>\n<!-- \/ Yoast SEO plugin. -->","yoast_head_json":{"title":"Financiamiento de U P\u00fablicas \"casi seguro\" que volver\u00eda al Congreso ... esta vez dominado por el Chavismo - La Reacci\u00f3n | Costa Rica","description":"Leonardo S\u00e1nchez, ministro de Educaci\u00f3n P\u00fablica, anunci\u00f3 en conferencia de prensa que, tras negociar con las universidades p\u00fablicas, el Gobierno decidi\u00f3 no aumentar el Fondo Especial para la Educaci\u00f3n Superior (FEES). Sin embargo, las instituciones educativas rechazaron la propuesta, por lo que el jerarca se\u00f1al\u00f3 que, si no alcanzan un consenso, enviar\u00e1n el tema a la Asamblea Legislativa.","robots":{"index":"noindex","follow":"follow","max-snippet":"max-snippet:-1","max-image-preview":"max-image-preview:large","max-video-preview":"max-video-preview:-1"},"og_locale":"es_ES","og_type":"article","og_title":"Financiamiento de U P\u00fablicas \"casi seguro\" que volver\u00eda al Congreso ... esta vez dominado por el Chavismo - La Reacci\u00f3n | Costa Rica","og_description":"Leonardo S\u00e1nchez, ministro de Educaci\u00f3n P\u00fablica, anunci\u00f3 en conferencia de prensa que, tras negociar con las universidades p\u00fablicas, el Gobierno decidi\u00f3 no aumentar el Fondo Especial para la Educaci\u00f3n Superior (FEES). Sin embargo, las instituciones educativas rechazaron la propuesta, por lo que el jerarca se\u00f1al\u00f3 que, si no alcanzan un consenso, enviar\u00e1n el tema a la Asamblea Legislativa.","og_url":"https:\/\/lareaccioncr.com\/2026\/2026\/04\/07\/si-no-llegamos-a-un-acuerdo-fees-ira-a-la-asamblea-legislativa-leonardo-sanchez-ministro-de-educacion\/","og_site_name":"La Reacci\u00f3n | Costa Rica","article_published_time":"2026-04-08T04:07:55+00:00","article_modified_time":"2026-04-08T14:43:00+00:00","og_image":[{"width":1600,"height":900,"url":"https:\/\/lareaccioncr.com\/2026\/wp-content\/uploads\/2026\/04\/CONARE-FEES.jpg","type":"image\/jpeg"}],"author":"Andr\u00e9s Ulloa Montero","twitter_card":"summary_large_image","twitter_misc":{"Escrito por":"Andr\u00e9s Ulloa Montero","Tiempo de lectura":"2 minutos"},"schema":{"@context":"https:\/\/schema.org","@graph":[{"@type":"Article","@id":"https:\/\/lareaccioncr.com\/2026\/2026\/04\/07\/si-no-llegamos-a-un-acuerdo-fees-ira-a-la-asamblea-legislativa-leonardo-sanchez-ministro-de-educacion\/#article","isPartOf":{"@id":"https:\/\/lareaccioncr.com\/2026\/2026\/04\/07\/si-no-llegamos-a-un-acuerdo-fees-ira-a-la-asamblea-legislativa-leonardo-sanchez-ministro-de-educacion\/"},"author":{"name":"Andr\u00e9s Ulloa Montero","@id":"https:\/\/lareaccioncr.com\/2026\/#\/schema\/person\/dc4abc0bf3b02ac5844384ffa0e88c4c"},"headline":"Financiamiento de U P\u00fablicas \u00abcasi seguro\u00bb que volver\u00eda al Congreso &#8230; esta vez dominado por el Chavismo","datePublished":"2026-04-08T04:07:55+00:00","dateModified":"2026-04-08T14:43:00+00:00","mainEntityOfPage":{"@id":"https:\/\/lareaccioncr.com\/2026\/2026\/04\/07\/si-no-llegamos-a-un-acuerdo-fees-ira-a-la-asamblea-legislativa-leonardo-sanchez-ministro-de-educacion\/"},"wordCount":500,"commentCount":0,"publisher":{"@id":"https:\/\/lareaccioncr.com\/2026\/#organization"},"image":{"@id":"https:\/\/lareaccioncr.com\/2026\/2026\/04\/07\/si-no-llegamos-a-un-acuerdo-fees-ira-a-la-asamblea-legislativa-leonardo-sanchez-ministro-de-educacion\/#primaryimage"},"thumbnailUrl":"https:\/\/lareaccioncr.com\/2026\/wp-content\/uploads\/2026\/04\/CONARE-FEES.jpg","keywords":["Asamblea Legislativa","FEES","Negociaci\u00f3n","Universidades P\u00fablicas"],"articleSection":["Aqu\u00ed Hay Tema","Desaf\u00edo","Pol\u00edtica"],"inLanguage":"es","potentialAction":[{"@type":"CommentAction","name":"Comment","target":["https:\/\/lareaccioncr.com\/2026\/2026\/04\/07\/si-no-llegamos-a-un-acuerdo-fees-ira-a-la-asamblea-legislativa-leonardo-sanchez-ministro-de-educacion\/#respond"]}]},{"@type":"WebPage","@id":"https:\/\/lareaccioncr.com\/2026\/2026\/04\/07\/si-no-llegamos-a-un-acuerdo-fees-ira-a-la-asamblea-legislativa-leonardo-sanchez-ministro-de-educacion\/","url":"https:\/\/lareaccioncr.com\/2026\/2026\/04\/07\/si-no-llegamos-a-un-acuerdo-fees-ira-a-la-asamblea-legislativa-leonardo-sanchez-ministro-de-educacion\/","name":"Financiamiento de U P\u00fablicas \"casi seguro\" que volver\u00eda al Congreso ... esta vez dominado por el Chavismo - La Reacci\u00f3n | Costa Rica","isPartOf":{"@id":"https:\/\/lareaccioncr.com\/2026\/#website"},"primaryImageOfPage":{"@id":"https:\/\/lareaccioncr.com\/2026\/2026\/04\/07\/si-no-llegamos-a-un-acuerdo-fees-ira-a-la-asamblea-legislativa-leonardo-sanchez-ministro-de-educacion\/#primaryimage"},"image":{"@id":"https:\/\/lareaccioncr.com\/2026\/2026\/04\/07\/si-no-llegamos-a-un-acuerdo-fees-ira-a-la-asamblea-legislativa-leonardo-sanchez-ministro-de-educacion\/#primaryimage"},"thumbnailUrl":"https:\/\/lareaccioncr.com\/2026\/wp-content\/uploads\/2026\/04\/CONARE-FEES.jpg","datePublished":"2026-04-08T04:07:55+00:00","dateModified":"2026-04-08T14:43:00+00:00","description":"Leonardo S\u00e1nchez, ministro de Educaci\u00f3n P\u00fablica, anunci\u00f3 en conferencia de prensa que, tras negociar con las universidades p\u00fablicas, el Gobierno decidi\u00f3 no aumentar el Fondo Especial para la Educaci\u00f3n Superior (FEES). Sin embargo, las instituciones educativas rechazaron la propuesta, por lo que el jerarca se\u00f1al\u00f3 que, si no alcanzan un consenso, enviar\u00e1n el tema a la Asamblea Legislativa.","breadcrumb":{"@id":"https:\/\/lareaccioncr.com\/2026\/2026\/04\/07\/si-no-llegamos-a-un-acuerdo-fees-ira-a-la-asamblea-legislativa-leonardo-sanchez-ministro-de-educacion\/#breadcrumb"},"inLanguage":"es","potentialAction":[{"@type":"ReadAction","target":["https:\/\/lareaccioncr.com\/2026\/2026\/04\/07\/si-no-llegamos-a-un-acuerdo-fees-ira-a-la-asamblea-legislativa-leonardo-sanchez-ministro-de-educacion\/"]}]},{"@type":"ImageObject","inLanguage":"es","@id":"https:\/\/lareaccioncr.com\/2026\/2026\/04\/07\/si-no-llegamos-a-un-acuerdo-fees-ira-a-la-asamblea-legislativa-leonardo-sanchez-ministro-de-educacion\/#primaryimage","url":"https:\/\/lareaccioncr.com\/2026\/wp-content\/uploads\/2026\/04\/CONARE-FEES.jpg","contentUrl":"https:\/\/lareaccioncr.com\/2026\/wp-content\/uploads\/2026\/04\/CONARE-FEES.jpg","width":1600,"height":900},{"@type":"BreadcrumbList","@id":"https:\/\/lareaccioncr.com\/2026\/2026\/04\/07\/si-no-llegamos-a-un-acuerdo-fees-ira-a-la-asamblea-legislativa-leonardo-sanchez-ministro-de-educacion\/#breadcrumb","itemListElement":[{"@type":"ListItem","position":1,"name":"Portada","item":"https:\/\/lareaccioncr.com\/2026\/"},{"@type":"ListItem","position":2,"name":"Financiamiento de U P\u00fablicas \u00abcasi seguro\u00bb que volver\u00eda al Congreso &#8230; esta vez dominado por el Chavismo"}]},{"@type":"WebSite","@id":"https:\/\/lareaccioncr.com\/2026\/#website","url":"https:\/\/lareaccioncr.com\/2026\/","name":"La Reacci\u00f3n | Costa Rica","description":"Medio digital costarricense","publisher":{"@id":"https:\/\/lareaccioncr.com\/2026\/#organization"},"potentialAction":[{"@type":"SearchAction","target":{"@type":"EntryPoint","urlTemplate":"https:\/\/lareaccioncr.com\/2026\/?s={search_term_string}"},"query-input":{"@type":"PropertyValueSpecification","valueRequired":true,"valueName":"search_term_string"}}],"inLanguage":"es"},{"@type":"Organization","@id":"https:\/\/lareaccioncr.com\/2026\/#organization","name":"La Reacci\u00f3n | Costa Rica","url":"https:\/\/lareaccioncr.com\/2026\/","logo":{"@type":"ImageObject","inLanguage":"es","@id":"https:\/\/lareaccioncr.com\/2026\/#\/schema\/logo\/image\/","url":"https:\/\/lareaccioncr.com\/2026\/wp-content\/uploads\/2024\/08\/logo_screenshot.png","contentUrl":"https:\/\/lareaccioncr.com\/2026\/wp-content\/uploads\/2024\/08\/logo_screenshot.png","width":514,"height":156,"caption":"La Reacci\u00f3n | Costa Rica"},"image":{"@id":"https:\/\/lareaccioncr.com\/2026\/#\/schema\/logo\/image\/"}},{"@type":"Person","@id":"https:\/\/lareaccioncr.com\/2026\/#\/schema\/person\/dc4abc0bf3b02ac5844384ffa0e88c4c","name":"Andr\u00e9s Ulloa Montero","image":{"@type":"ImageObject","inLanguage":"es","@id":"https:\/\/secure.gravatar.com\/avatar\/95875ec50a879f37755afdecb65812fd5f4537322036e5a6b21650099419ac48?s=96&d=mm&r=g","url":"https:\/\/secure.gravatar.com\/avatar\/95875ec50a879f37755afdecb65812fd5f4537322036e5a6b21650099419ac48?s=96&d=mm&r=g","contentUrl":"https:\/\/secure.gravatar.com\/avatar\/95875ec50a879f37755afdecb65812fd5f4537322036e5a6b21650099419ac48?s=96&d=mm&r=g","caption":"Andr\u00e9s Ulloa Montero"},"sameAs":["https:\/\/lareaccioncr.com\/2026\/"],"url":"https:\/\/lareaccioncr.com\/2026\/author\/andres-ulloa\/"}]}},"jetpack_featured_media_url":"https:\/\/lareaccioncr.com\/2026\/wp-content\/uploads\/2026\/04\/CONARE-FEES.jpg","jetpack_sharing_enabled":true,"_links":{"self":[{"href":"https:\/\/lareaccioncr.com\/2026\/wp-json\/wp\/v2\/posts\/1903","targetHints":{"allow":["GET"]}}],"collection":[{"href":"https:\/\/lareaccioncr.com\/2026\/wp-json\/wp\/v2\/posts"}],"about":[{"href":"https:\/\/lareaccioncr.com\/2026\/wp-json\/wp\/v2\/types\/post"}],"author":[{"embeddable":true,"href":"https:\/\/lareaccioncr.com\/2026\/wp-json\/wp\/v2\/users\/3"}],"replies":[{"embeddable":true,"href":"https:\/\/lareaccioncr.com\/2026\/wp-json\/wp\/v2\/comments?post=1903"}],"version-history":[{"count":7,"href":"https:\/\/lareaccioncr.com\/2026\/wp-json\/wp\/v2\/posts\/1903\/revisions"}],"predecessor-version":[{"id":1914,"href":"https:\/\/lareaccioncr.com\/2026\/wp-json\/wp\/v2\/posts\/1903\/revisions\/1914"}],"wp:featuredmedia":[{"embeddable":true,"href":"https:\/\/lareaccioncr.com\/2026\/wp-json\/wp\/v2\/media\/1909"}],"wp:attachment":[{"href":"https:\/\/lareaccioncr.com\/2026\/wp-json\/wp\/v2\/media?parent=1903"}],"wp:term":[{"taxonomy":"category","embeddable":true,"href":"https:\/\/lareaccioncr.com\/2026\/wp-json\/wp\/v2\/categories?post=1903"},{"taxonomy":"post_tag","embeddable":true,"href":"https:\/\/lareaccioncr.com\/2026\/wp-json\/wp\/v2\/tags?post=1903"}],"curies":[{"name":"wp","href":"https:\/\/api.w.org\/{rel}","templated":true}]}}